{"id":1066,"date":"2013-04-11T21:14:38","date_gmt":"2013-04-11T21:14:38","guid":{"rendered":"https:\/\/asfema.org\/blog\/?p=1066"},"modified":"2013-04-11T21:14:38","modified_gmt":"2013-04-11T21:14:38","slug":"una-ayuda-a-pedales-el-diario-de-avila-con-asfema","status":"publish","type":"post","link":"https:\/\/asfema.org\/blog\/index.php\/una-ayuda-a-pedales-el-diario-de-avila-con-asfema\/","title":{"rendered":"Una ayuda a pedales &#8211; El Diario de \u00c1vila con Asfema"},"content":{"rendered":"<p>\u00a1Somos noticia en el Diario de \u00c1vila!<\/p>\n<p style=\"text-align: center;\"><a href=\"http:\/\/www.diariodeavila.es\/noticia\/Z5DBD009B-FD40-5D2F-DE774DB759D104D9\/20130410\/ayuda\/pedales\"><img src='https:\/\/asfema.org\/blog\/wp-content\/uploads\/2013\/04\/5F6B6DB2-A3E0-A9E0-E9F0490DDB0A5B72.jpg' alt='' \/><\/a><\/p>\n<p>Ni que decir tiene que ser\u00e1 un gran evento para Asfema y que <strong>esperamos contar con la presencia del mayor n\u00famero de socios<\/strong> posible all\u00ed.<\/p>\n<p>Ser\u00e1 una gran oportunidad para vernos todos y darnos a conocer a un mont\u00f3n de personas que ni siquiera sab\u00edan que exist\u00edan este tipo de de <strong>enfermedades raras metab\u00f3licas<\/strong>.<\/p>\n<p><a href=\"http:\/\/www.diariodeavila.es\/noticia\/Z5DBD009B-FD40-5D2F-DE774DB759D104D9\/20130410\/ayuda\/pedales\">Una ayuda a pedales &#8211; Diario de \u00c1vila<\/a>.<\/p>\n","protected":false},"excerpt":{"rendered":"<p>\u00a1Somos noticia en el Diario de \u00c1vila! Ni que decir tiene que ser\u00e1 un gran evento para Asfema y que esperamos contar con la presencia del mayor n\u00famero de socios posible all\u00ed. Ser\u00e1 una gran oportunidad para vernos todos y darnos a conocer a un mont\u00f3n de personas que ni siquiera sab\u00edan que exist\u00edan este &hellip;<\/p>\n<p class=\"read-more\"> <a class=\"\" href=\"https:\/\/asfema.org\/blog\/index.php\/una-ayuda-a-pedales-el-diario-de-avila-con-asfema\/\"> <span class=\"screen-reader-text\">Una ayuda a pedales &#8211; El Diario de \u00c1vila con Asfema<\/span> Read More &raquo;<\/a><\/p>\n","protected":false},"author":1,"featured_media":0,"comment_status":"open","ping_status":"open","sticky":false,"template":"","format":"standard","meta":{"site-sidebar-layout":"default","site-content-layout":"default","ast-global-header-display":"","ast-banner-title-visibility":"","ast-main-header-display":"","ast-hfb-above-header-display":"","ast-hfb-below-header-display":"","ast-hfb-mobile-header-display":"","site-post-title":"","ast-breadcrumbs-content":"","ast-featured-img":"","footer-sml-layout":"","theme-transparent-header-meta":"","adv-header-id-meta":"","stick-header-meta":"","header-above-stick-meta":"","header-main-stick-meta":"","header-below-stick-meta":"","footnotes":""},"categories":[31],"tags":[32,133,33],"acf":[],"_links":{"self":[{"href":"https:\/\/asfema.org\/blog\/index.php\/wp-json\/wp\/v2\/posts\/1066"}],"collection":[{"href":"https:\/\/asfema.org\/blog\/index.php\/wp-json\/wp\/v2\/posts"}],"about":[{"href":"https:\/\/asfema.org\/blog\/index.php\/wp-json\/wp\/v2\/types\/post"}],"author":[{"embeddable":true,"href":"https:\/\/asfema.org\/blog\/index.php\/wp-json\/wp\/v2\/users\/1"}],"replies":[{"embeddable":true,"href":"https:\/\/asfema.org\/blog\/index.php\/wp-json\/wp\/v2\/comments?post=1066"}],"version-history":[{"count":0,"href":"https:\/\/asfema.org\/blog\/index.php\/wp-json\/wp\/v2\/posts\/1066\/revisions"}],"wp:attachment":[{"href":"https:\/\/asfema.org\/blog\/index.php\/wp-json\/wp\/v2\/media?parent=1066"}],"wp:term":[{"taxonomy":"category","embeddable":true,"href":"https:\/\/asfema.org\/blog\/index.php\/wp-json\/wp\/v2\/categories?post=1066"},{"taxonomy":"post_tag","embeddable":true,"href":"https:\/\/asfema.org\/blog\/index.php\/wp-json\/wp\/v2\/tags?post=1066"}],"curies":[{"name":"wp","href":"https:\/\/api.w.org\/{rel}","templated":true}]}}