{"id":1089,"date":"2013-04-19T06:54:13","date_gmt":"2013-04-19T06:54:13","guid":{"rendered":"https:\/\/asfema.org\/blog\/?p=1089"},"modified":"2017-05-14T10:41:22","modified_gmt":"2017-05-14T10:41:22","slug":"asfema-en-el-programa-de-radio-en-ruta-de-vinilofm","status":"publish","type":"post","link":"https:\/\/asfema.org\/blog\/index.php\/asfema-en-el-programa-de-radio-en-ruta-de-vinilofm\/","title":{"rendered":"Asfema en el programa de radio En Ruta de ViniloFM"},"content":{"rendered":"<p>Ayer <strong>Pedro Gonz\u00e1lez<\/strong>, socio y organizador de la <a title=\"I Ciclomarcha MTB BTT por las Enfermedades Raras Metab\u00f3licas\" href=\"https:\/\/asfema.org\/blog\/?page_id=857\" target=\"_blank\" rel=\"noopener noreferrer\">I Ciclomarcha por las Enfermedades Raras Metab\u00f3licas<\/a> y <strong>Aitor Calero<\/strong>, Tesorero de Asfema, estuvieron presentes en el programa de radio <a title=\"En Ruta - ViniloFM\" href=\"http:\/\/www.vinilo.fm\/en_ruta\" target=\"_blank\" rel=\"noopener noreferrer\">En Ruta de la cadena ViniloFM<\/a>.<\/p>\n<p>All\u00ed tuvimos la oportunidad de anunciar la ciclomarcha a todos los oyentes de la emisora, as\u00ed como <strong>dar a conocer las enfermedades raras metab\u00f3licas<\/strong>.<\/p>\n<figure id=\"attachment_1109\" aria-describedby=\"caption-attachment-1109\" style=\"width: 400px\" class=\"wp-caption aligncenter\"><a href=\"https:\/\/asfema.org\/blog\/wp-content\/uploads\/2013\/04\/IMG_1660.jpg\"><img decoding=\"async\" loading=\"lazy\" class=\"size-full wp-image-1109\" src=\"https:\/\/asfema.org\/blog\/wp-content\/uploads\/2013\/04\/IMG_1660-e1366354233445.jpg\" alt=\"Pedro Gonz\u00e1lez organizador de la ciclomarcha en ViniloFM\" width=\"400\" height=\"533\" \/><\/a><figcaption id=\"caption-attachment-1109\" class=\"wp-caption-text\">Pedro Gonz\u00e1lez organizador de la ciclomarcha en ViniloFM<\/figcaption><\/figure>\n<p>Desde Asfema queremos agradecer al programa En Ruta la oportunidad que nos dieron para contar nuestra historia as\u00ed como por la amabilidad y disposici\u00f3n que mostraron con nosotros. \u00a1Esperamos veros a vosotros tambi\u00e9n el domingo 28 de abril en El Tiemblo!<\/p>\n<p>Cuando est\u00e9 disponible podr\u00e9is escucharnos en el <a title=\"Podcast En Ruta\" href=\"http:\/\/www.vinilo.fm\/podcast-en-ruta\" target=\"_blank\" rel=\"noopener noreferrer\"><strong>podcast<\/strong> del programa<\/a>. \u00a1Ya os lo pod\u00e9is <a title=\"Descargar Podcast\" href=\"http:\/\/www.vinilo.fm\/podcast\/2013\/EnRuta.18abr13.mp3\" target=\"_blank\" rel=\"noopener noreferrer\">descargar aqu\u00ed<\/a>!<\/p>\n","protected":false},"excerpt":{"rendered":"<p>Ayer Pedro Gonz\u00e1lez, socio y organizador de la I Ciclomarcha por las Enfermedades Raras Metab\u00f3licas y Aitor Calero, Tesorero de Asfema, estuvieron presentes en el programa de radio En Ruta de la cadena ViniloFM. All\u00ed tuvimos la oportunidad de anunciar la ciclomarcha a todos los oyentes de la emisora, as\u00ed como dar a conocer las &hellip;<\/p>\n<p class=\"read-more\"> <a class=\"\" href=\"https:\/\/asfema.org\/blog\/index.php\/asfema-en-el-programa-de-radio-en-ruta-de-vinilofm\/\"> <span class=\"screen-reader-text\">Asfema en el programa de radio En Ruta de ViniloFM<\/span> Read More &raquo;<\/a><\/p>\n","protected":false},"author":1,"featured_media":1109,"comment_status":"open","ping_status":"open","sticky":false,"template":"","format":"standard","meta":{"site-sidebar-layout":"default","site-content-layout":"default","ast-global-header-display":"","ast-banner-title-visibility":"","ast-main-header-display":"","ast-hfb-above-header-display":"","ast-hfb-below-header-display":"","ast-hfb-mobile-header-display":"","site-post-title":"","ast-breadcrumbs-content":"","ast-featured-img":"","footer-sml-layout":"","theme-transparent-header-meta":"","adv-header-id-meta":"","stick-header-meta":"","header-above-stick-meta":"","header-main-stick-meta":"","header-below-stick-meta":"","footnotes":""},"categories":[31,210,5],"tags":[133,134],"acf":[],"_links":{"self":[{"href":"https:\/\/asfema.org\/blog\/index.php\/wp-json\/wp\/v2\/posts\/1089"}],"collection":[{"href":"https:\/\/asfema.org\/blog\/index.php\/wp-json\/wp\/v2\/posts"}],"about":[{"href":"https:\/\/asfema.org\/blog\/index.php\/wp-json\/wp\/v2\/types\/post"}],"author":[{"embeddable":true,"href":"https:\/\/asfema.org\/blog\/index.php\/wp-json\/wp\/v2\/users\/1"}],"replies":[{"embeddable":true,"href":"https:\/\/asfema.org\/blog\/index.php\/wp-json\/wp\/v2\/comments?post=1089"}],"version-history":[{"count":1,"href":"https:\/\/asfema.org\/blog\/index.php\/wp-json\/wp\/v2\/posts\/1089\/revisions"}],"predecessor-version":[{"id":3165,"href":"https:\/\/asfema.org\/blog\/index.php\/wp-json\/wp\/v2\/posts\/1089\/revisions\/3165"}],"wp:featuredmedia":[{"embeddable":true,"href":"https:\/\/asfema.org\/blog\/index.php\/wp-json\/wp\/v2\/media\/1109"}],"wp:attachment":[{"href":"https:\/\/asfema.org\/blog\/index.php\/wp-json\/wp\/v2\/media?parent=1089"}],"wp:term":[{"taxonomy":"category","embeddable":true,"href":"https:\/\/asfema.org\/blog\/index.php\/wp-json\/wp\/v2\/categories?post=1089"},{"taxonomy":"post_tag","embeddable":true,"href":"https:\/\/asfema.org\/blog\/index.php\/wp-json\/wp\/v2\/tags?post=1089"}],"curies":[{"name":"wp","href":"https:\/\/api.w.org\/{rel}","templated":true}]}}