{"id":1133,"date":"2013-04-28T06:43:16","date_gmt":"2013-04-28T06:43:16","guid":{"rendered":"https:\/\/asfema.org\/blog\/?p=1133"},"modified":"2017-05-14T08:49:37","modified_gmt":"2017-05-14T08:49:37","slug":"la-i-ciclomarcha-por-las-enfermedades-raras-metabolicas-en-tiempo-real","status":"publish","type":"post","link":"https:\/\/asfema.org\/blog\/index.php\/la-i-ciclomarcha-por-las-enfermedades-raras-metabolicas-en-tiempo-real\/","title":{"rendered":"La I Ciclomarcha por las Enfermedades Raras Metab\u00f3licas en Tiempo Real"},"content":{"rendered":"<p>Aqu\u00ed iremos poniendo las fotos y comentarios de los corredores y participantes a lo largo de todo el d\u00eda. Adem\u00e1s pod\u00e9is <a title=\"Asfema en Twitter\" href=\"http:\/\/twitter.com\/asfema\" target=\"_blank\" rel=\"noopener noreferrer\">seguir a @asfema en twitter<\/a> y en el hashtag <a title=\"Ciclomarcha en Twitter\" href=\"http:\/\/twitter.com\/search?q=%23ciclomarchametabolicos\" target=\"_blank\" rel=\"noopener noreferrer\">#ciclomarchametabolicos<\/a><\/p>\n<p>Tambi\u00e9n hemos creado un <a title=\"Mapa interactivo \" href=\"http:\/\/asfema.maps.arcgis.com\/apps\/SocialMedia\/index.html?appid=017c095f5d70463a8527b0b3813a335f\" target=\"_blank\" rel=\"noopener noreferrer\">mapa interactivo<\/a> donde podr\u00e9is seguir la prueba con las fotos y los twits en tiempo real.<\/p>\n<p><strong>\u00a1Estad atentos y twitead!<\/strong><\/p>\n<p>[blackbirdpie url=&#8221;https:\/\/twitter.com\/asfema\/status\/328392194119585793&#8243;]<\/p>\n<h2>Primeras fotos de la prueba<\/h2>\n<p>Aqu\u00ed est\u00e1n las primeras fotos justo antes de que se diera la salida.<\/p>\n<figure id=\"attachment_1139\" aria-describedby=\"caption-attachment-1139\" style=\"width: 300px\" class=\"wp-caption aligncenter\"><a href=\"https:\/\/asfema.org\/blog\/wp-content\/uploads\/2013\/04\/DSC02823.jpg\"><img decoding=\"async\" loading=\"lazy\" class=\"size-medium wp-image-1139\" src=\"https:\/\/asfema.org\/blog\/wp-content\/uploads\/2013\/04\/DSC02823-300x168.jpg\" alt=\"DSC02823\" width=\"300\" height=\"168\" \/><\/a><figcaption id=\"caption-attachment-1139\" class=\"wp-caption-text\">Carlos Sastre he estado con nosotros<\/figcaption><\/figure>\n<figure id=\"attachment_1138\" aria-describedby=\"caption-attachment-1138\" style=\"width: 300px\" class=\"wp-caption aligncenter\"><a href=\"https:\/\/asfema.org\/blog\/wp-content\/uploads\/2013\/04\/DSC02817.jpg\"><img decoding=\"async\" loading=\"lazy\" class=\"size-medium wp-image-1138\" src=\"https:\/\/asfema.org\/blog\/wp-content\/uploads\/2013\/04\/DSC02817-300x168.jpg\" alt=\"Voluntarias con las inscripciones\" width=\"300\" height=\"168\" \/><\/a><figcaption id=\"caption-attachment-1138\" class=\"wp-caption-text\">Voluntarias con las inscripciones<\/figcaption><\/figure>\n<figure id=\"attachment_1140\" aria-describedby=\"caption-attachment-1140\" style=\"width: 300px\" class=\"wp-caption aligncenter\"><a href=\"https:\/\/asfema.org\/blog\/wp-content\/uploads\/2013\/04\/DSC02834.jpg\"><img decoding=\"async\" loading=\"lazy\" class=\"size-medium wp-image-1140\" src=\"https:\/\/asfema.org\/blog\/wp-content\/uploads\/2013\/04\/DSC02834-300x168.jpg\" alt=\"DSC02834\" width=\"300\" height=\"168\" \/><\/a><figcaption id=\"caption-attachment-1140\" class=\"wp-caption-text\">Bicicletas listas!<\/figcaption><\/figure>\n<p style=\"text-align: center;\"><a href=\"https:\/\/asfema.org\/blog\/wp-content\/uploads\/2013\/04\/DSC02846.jpg\"><img decoding=\"async\" loading=\"lazy\" class=\"aligncenter size-medium wp-image-1141\" src=\"https:\/\/asfema.org\/blog\/wp-content\/uploads\/2013\/04\/DSC02846-300x168.jpg\" alt=\"DSC02846\" width=\"300\" height=\"168\" \/><\/a><\/p>\n<figure id=\"attachment_1147\" aria-describedby=\"caption-attachment-1147\" style=\"width: 300px\" class=\"wp-caption aligncenter\"><a href=\"https:\/\/asfema.org\/blog\/wp-content\/uploads\/2013\/04\/DSC02844.jpg\"><img decoding=\"async\" loading=\"lazy\" class=\"size-medium wp-image-1147\" src=\"https:\/\/asfema.org\/blog\/wp-content\/uploads\/2013\/04\/DSC02844-300x168.jpg\" alt=\"Preparados para el fr\u00edo y para grabar\" width=\"300\" height=\"168\" \/><\/a><figcaption id=\"caption-attachment-1147\" class=\"wp-caption-text\">Preparados para el fr\u00edo y para grabar<\/figcaption><\/figure>\n<h2><\/h2>\n<p>&nbsp;<\/p>\n","protected":false},"excerpt":{"rendered":"<p>Aqu\u00ed iremos poniendo las fotos y comentarios de los corredores y participantes a lo largo de todo el d\u00eda. Adem\u00e1s pod\u00e9is seguir a @asfema en twitter y en el hashtag #ciclomarchametabolicos Tambi\u00e9n hemos creado un mapa interactivo donde podr\u00e9is seguir la prueba con las fotos y los twits en tiempo real. \u00a1Estad atentos y twitead! &hellip;<\/p>\n<p class=\"read-more\"> <a class=\"\" href=\"https:\/\/asfema.org\/blog\/index.php\/la-i-ciclomarcha-por-las-enfermedades-raras-metabolicas-en-tiempo-real\/\"> <span class=\"screen-reader-text\">La I Ciclomarcha por las Enfermedades Raras Metab\u00f3licas en Tiempo Real<\/span> Read More &raquo;<\/a><\/p>\n","protected":false},"author":1,"featured_media":3101,"comment_status":"open","ping_status":"open","sticky":false,"template":"","format":"standard","meta":{"site-sidebar-layout":"default","site-content-layout":"default","ast-global-header-display":"","ast-banner-title-visibility":"","ast-main-header-display":"","ast-hfb-above-header-display":"","ast-hfb-below-header-display":"","ast-hfb-mobile-header-display":"","site-post-title":"","ast-breadcrumbs-content":"","ast-featured-img":"","footer-sml-layout":"","theme-transparent-header-meta":"","adv-header-id-meta":"","stick-header-meta":"","header-above-stick-meta":"","header-main-stick-meta":"","header-below-stick-meta":"","footnotes":""},"categories":[31,5],"tags":[133,135,92],"acf":[],"_links":{"self":[{"href":"https:\/\/asfema.org\/blog\/index.php\/wp-json\/wp\/v2\/posts\/1133"}],"collection":[{"href":"https:\/\/asfema.org\/blog\/index.php\/wp-json\/wp\/v2\/posts"}],"about":[{"href":"https:\/\/asfema.org\/blog\/index.php\/wp-json\/wp\/v2\/types\/post"}],"author":[{"embeddable":true,"href":"https:\/\/asfema.org\/blog\/index.php\/wp-json\/wp\/v2\/users\/1"}],"replies":[{"embeddable":true,"href":"https:\/\/asfema.org\/blog\/index.php\/wp-json\/wp\/v2\/comments?post=1133"}],"version-history":[{"count":2,"href":"https:\/\/asfema.org\/blog\/index.php\/wp-json\/wp\/v2\/posts\/1133\/revisions"}],"predecessor-version":[{"id":3103,"href":"https:\/\/asfema.org\/blog\/index.php\/wp-json\/wp\/v2\/posts\/1133\/revisions\/3103"}],"wp:featuredmedia":[{"embeddable":true,"href":"https:\/\/asfema.org\/blog\/index.php\/wp-json\/wp\/v2\/media\/3101"}],"wp:attachment":[{"href":"https:\/\/asfema.org\/blog\/index.php\/wp-json\/wp\/v2\/media?parent=1133"}],"wp:term":[{"taxonomy":"category","embeddable":true,"href":"https:\/\/asfema.org\/blog\/index.php\/wp-json\/wp\/v2\/categories?post=1133"},{"taxonomy":"post_tag","embeddable":true,"href":"https:\/\/asfema.org\/blog\/index.php\/wp-json\/wp\/v2\/tags?post=1133"}],"curies":[{"name":"wp","href":"https:\/\/api.w.org\/{rel}","templated":true}]}}