{"id":1176,"date":"2013-05-22T20:10:14","date_gmt":"2013-05-22T20:10:14","guid":{"rendered":"https:\/\/asfema.org\/blog\/?p=1176"},"modified":"2013-05-22T20:10:14","modified_gmt":"2013-05-22T20:10:14","slug":"fotos-de-la-i-ciclomarcha-por-las-enfermedades-raras-metabolicas","status":"publish","type":"post","link":"https:\/\/asfema.org\/blog\/index.php\/fotos-de-la-i-ciclomarcha-por-las-enfermedades-raras-metabolicas\/","title":{"rendered":"Fotos de la I Ciclomarcha por las Enfermedades Raras Metab\u00f3licas"},"content":{"rendered":"<p>Ya tenemos todas las fotos de la ciclomarcha en nuestra cuenta de Flickr. Hemos creado un <a title=\"\u00c1lbum de la ciclomarcha en Flickr\" href=\"http:\/\/flic.kr\/s\/aHsjFfsTb7\" target=\"_blank\">\u00e1lbum exclusivo con todas ellas<\/a> para que las pod\u00e1is ver m\u00e1s c\u00f3modamente.<\/p>\n<figure style=\"width: 500px\" class=\"wp-caption alignnone\"><img decoding=\"async\" loading=\"lazy\" alt=\"puente bicicleta\" src=\"http:\/\/farm8.staticflickr.com\/7365\/8783797304_7f795477f0.jpg\" width=\"500\" height=\"333\" \/><figcaption class=\"wp-caption-text\">Puente en el Casta\u00f1ar<\/figcaption><\/figure>\n<p>Si participaste en la carrera y no apareces en ninguna foto de las nuestras, \u00a1<strong>env\u00edanos la tuya y la a\u00f1adimos<\/strong>! Adem\u00e1s, si pudiste grabar alg\u00fan <strong>v\u00eddeo<\/strong>, ponte en contacto con nosotros y tambi\u00e9n lo a\u00f1adiremos.<\/p>\n<p>Hay algunas fotos muy buenas, que pasan por unos parajes incomparables de El Tiemblo. No os las perd\u00e1is, y compartirlas con todos vuestros contactos.<\/p>\n<p>Esperamos veros a todos el a\u00f1o que viene con m\u00e1s y mejores fotos. Quien sabe, hasta quiz\u00e1 organicemos un concurso de fotograf\u00eda \ud83d\ude09 o sorteemos una c\u00e1mara para vuestros cascos&#8230;<\/p>\n","protected":false},"excerpt":{"rendered":"<p>Ya tenemos todas las fotos de la ciclomarcha en nuestra cuenta de Flickr. Hemos creado un \u00e1lbum exclusivo con todas ellas para que las pod\u00e1is ver m\u00e1s c\u00f3modamente. Si participaste en la carrera y no apareces en ninguna foto de las nuestras, \u00a1env\u00edanos la tuya y la a\u00f1adimos! Adem\u00e1s, si pudiste grabar alg\u00fan v\u00eddeo, ponte &hellip;<\/p>\n<p class=\"read-more\"> <a class=\"\" href=\"https:\/\/asfema.org\/blog\/index.php\/fotos-de-la-i-ciclomarcha-por-las-enfermedades-raras-metabolicas\/\"> <span class=\"screen-reader-text\">Fotos de la I Ciclomarcha por las Enfermedades Raras Metab\u00f3licas<\/span> Read More &raquo;<\/a><\/p>\n","protected":false},"author":1,"featured_media":0,"comment_status":"open","ping_status":"open","sticky":false,"template":"","format":"standard","meta":{"site-sidebar-layout":"default","site-content-layout":"default","ast-global-header-display":"","ast-banner-title-visibility":"","ast-main-header-display":"","ast-hfb-above-header-display":"","ast-hfb-below-header-display":"","ast-hfb-mobile-header-display":"","site-post-title":"","ast-breadcrumbs-content":"","ast-featured-img":"","footer-sml-layout":"","theme-transparent-header-meta":"","adv-header-id-meta":"","stick-header-meta":"","header-above-stick-meta":"","header-main-stick-meta":"","header-below-stick-meta":"","footnotes":""},"categories":[31],"tags":[133,33,139],"acf":[],"_links":{"self":[{"href":"https:\/\/asfema.org\/blog\/index.php\/wp-json\/wp\/v2\/posts\/1176"}],"collection":[{"href":"https:\/\/asfema.org\/blog\/index.php\/wp-json\/wp\/v2\/posts"}],"about":[{"href":"https:\/\/asfema.org\/blog\/index.php\/wp-json\/wp\/v2\/types\/post"}],"author":[{"embeddable":true,"href":"https:\/\/asfema.org\/blog\/index.php\/wp-json\/wp\/v2\/users\/1"}],"replies":[{"embeddable":true,"href":"https:\/\/asfema.org\/blog\/index.php\/wp-json\/wp\/v2\/comments?post=1176"}],"version-history":[{"count":0,"href":"https:\/\/asfema.org\/blog\/index.php\/wp-json\/wp\/v2\/posts\/1176\/revisions"}],"wp:attachment":[{"href":"https:\/\/asfema.org\/blog\/index.php\/wp-json\/wp\/v2\/media?parent=1176"}],"wp:term":[{"taxonomy":"category","embeddable":true,"href":"https:\/\/asfema.org\/blog\/index.php\/wp-json\/wp\/v2\/categories?post=1176"},{"taxonomy":"post_tag","embeddable":true,"href":"https:\/\/asfema.org\/blog\/index.php\/wp-json\/wp\/v2\/tags?post=1176"}],"curies":[{"name":"wp","href":"https:\/\/api.w.org\/{rel}","templated":true}]}}