{"id":1180,"date":"2013-05-24T19:49:17","date_gmt":"2013-05-24T19:49:17","guid":{"rendered":"https:\/\/asfema.org\/blog\/?p=1180"},"modified":"2013-07-15T17:54:04","modified_gmt":"2013-07-15T17:54:04","slug":"ii-encuentro-de-jovenes-metabolicos","status":"publish","type":"post","link":"https:\/\/asfema.org\/blog\/index.php\/ii-encuentro-de-jovenes-metabolicos\/","title":{"rendered":"II ENCUENTRO DE J\u00d3VENES METAB\u00d3LICOS"},"content":{"rendered":"<h1>II ENCUENTRO DE J\u00d3VENES METAB\u00d3LICOS<\/h1>\n<p>Asfema organiza el\u00a0<strong>II Encuentro Nacional de J\u00f3venes Metab\u00f3licos<\/strong>\u00a0en Navas del Rey (Madrid), los d\u00edas 27 a 30 de Junio.<\/p>\n<p>Est\u00e1n invitados todos los\u00a0<strong>j\u00f3venes con enfermedades metab\u00f3licas hereditarias<\/strong>\u00a0de Espa\u00f1a que quieran pasar unos d\u00edas compartiendo experiencias e inquietudes con otros j\u00f3venes.<\/p>\n<p>Adem\u00e1s, se organizar\u00e1n\u00a0<strong>talleres y actividades de todo tipo<\/strong>\u00a0que tendr\u00e1n su punto \u00e1lgido con una paellada (baja en prote\u00ednas) el s\u00e1bado 29 de junio a la que tambi\u00e9n est\u00e1n invitadas las familias.<\/p>\n<p><a href=\"https:\/\/asfema.org\/blog\/wp-content\/uploads\/2013\/05\/CartelEncuentroJovenes_Web.jpg\"><img decoding=\"async\" loading=\"lazy\" class=\"aligncenter size-medium wp-image-1203\" alt=\"CartelEncuentroJovenes_Web\" src=\"https:\/\/asfema.org\/blog\/wp-content\/uploads\/2013\/05\/CartelEncuentroJovenes_Web-224x300.jpg\" width=\"224\" height=\"300\" \/><\/a><\/p>\n<h2>Programa<\/h2>\n<p><a title=\"Programa Encuentro J\u00f3venes Metab\u00f3licos\" href=\"https:\/\/docs.google.com\/file\/d\/1VljLl6Y9rWPb5NE_dBaSffm6kNM-3aVT0KgdG2rI8BWvEdeMskkvlbRthItF\/edit?usp=sharing\" target=\"_blank\">Programa Encuentro J\u00f3venes Metab\u00f3licos<\/a><\/p>\n<h2>Fechas<\/h2>\n<p>D\u00edas 27,28, 29 y 30 de Junio<\/p>\n<h2>Lugar del Evento<\/h2>\n<p><strong>Navas del Rey, Madrid<\/strong><br \/>\n<a title=\"Almenara Rural\" href=\"http:\/\/www.almenararural.es\/\" target=\"_blank\">Apartamentos rurales Almenara Rural<\/a><\/p>\n<p><img decoding=\"async\" loading=\"lazy\" class=\"alignnone\" alt=\"\" src=\"http:\/\/www.almenararural.es\/images\/index_01.jpg\" width=\"600\" height=\"143\" \/><\/p>\n<p>Para inscribiros en el evento solo ten\u00e9is que rellenar el siguiente formulario:<\/p>\n<p><iframe loading=\"lazy\" src=\"https:\/\/docs.google.com\/forms\/d\/1nx0jafgC6rWs06igjOxEH7hc-np_16EpMd7ZzGOl0qI\/viewform?embedded=true\" height=\"700\" width=\"600\" frameborder=\"0\" marginwidth=\"0\" marginheight=\"0\"><\/iframe><\/p>\n<p>Para m\u00e1s informaci\u00f3n pod\u00e9is contactar telef\u00f3nicamente con:<\/p>\n<p>ANA MAR\u00cdA CONTRERAS BASCU\u00d1\u00c1N 655 79 25 07<br \/>\nMAR\u00cdA PARRAS ROMERO 619 73 29 24<\/p>\n","protected":false},"excerpt":{"rendered":"<p>II ENCUENTRO DE J\u00d3VENES METAB\u00d3LICOS Asfema organiza el\u00a0II Encuentro Nacional de J\u00f3venes Metab\u00f3licos\u00a0en Navas del Rey (Madrid), los d\u00edas 27 a 30 de Junio. Est\u00e1n invitados todos los\u00a0j\u00f3venes con enfermedades metab\u00f3licas hereditarias\u00a0de Espa\u00f1a que quieran pasar unos d\u00edas compartiendo experiencias e inquietudes con otros j\u00f3venes. Adem\u00e1s, se organizar\u00e1n\u00a0talleres y actividades de todo tipo\u00a0que tendr\u00e1n su &hellip;<\/p>\n<p class=\"read-more\"> <a class=\"\" href=\"https:\/\/asfema.org\/blog\/index.php\/ii-encuentro-de-jovenes-metabolicos\/\"> <span class=\"screen-reader-text\">II ENCUENTRO DE J\u00d3VENES METAB\u00d3LICOS<\/span> Read More &raquo;<\/a><\/p>\n","protected":false},"author":1,"featured_media":0,"comment_status":"open","ping_status":"open","sticky":false,"template":"","format":"standard","meta":{"site-sidebar-layout":"default","site-content-layout":"default","ast-global-header-display":"","ast-banner-title-visibility":"","ast-main-header-display":"","ast-hfb-above-header-display":"","ast-hfb-below-header-display":"","ast-hfb-mobile-header-display":"","site-post-title":"","ast-breadcrumbs-content":"","ast-featured-img":"","footer-sml-layout":"","theme-transparent-header-meta":"","adv-header-id-meta":"","stick-header-meta":"","header-above-stick-meta":"","header-main-stick-meta":"","header-below-stick-meta":"","footnotes":""},"categories":[31],"tags":[33,140],"acf":[],"_links":{"self":[{"href":"https:\/\/asfema.org\/blog\/index.php\/wp-json\/wp\/v2\/posts\/1180"}],"collection":[{"href":"https:\/\/asfema.org\/blog\/index.php\/wp-json\/wp\/v2\/posts"}],"about":[{"href":"https:\/\/asfema.org\/blog\/index.php\/wp-json\/wp\/v2\/types\/post"}],"author":[{"embeddable":true,"href":"https:\/\/asfema.org\/blog\/index.php\/wp-json\/wp\/v2\/users\/1"}],"replies":[{"embeddable":true,"href":"https:\/\/asfema.org\/blog\/index.php\/wp-json\/wp\/v2\/comments?post=1180"}],"version-history":[{"count":0,"href":"https:\/\/asfema.org\/blog\/index.php\/wp-json\/wp\/v2\/posts\/1180\/revisions"}],"wp:attachment":[{"href":"https:\/\/asfema.org\/blog\/index.php\/wp-json\/wp\/v2\/media?parent=1180"}],"wp:term":[{"taxonomy":"category","embeddable":true,"href":"https:\/\/asfema.org\/blog\/index.php\/wp-json\/wp\/v2\/categories?post=1180"},{"taxonomy":"post_tag","embeddable":true,"href":"https:\/\/asfema.org\/blog\/index.php\/wp-json\/wp\/v2\/tags?post=1180"}],"curies":[{"name":"wp","href":"https:\/\/api.w.org\/{rel}","templated":true}]}}