{"id":1205,"date":"2013-06-07T09:11:08","date_gmt":"2013-06-07T09:11:08","guid":{"rendered":"https:\/\/asfema.org\/blog\/?p=1205"},"modified":"2017-05-14T11:38:16","modified_gmt":"2017-05-14T11:38:16","slug":"la-fenilcetonuria-pku-en-cocina-con-sentimiento-antena-3-tv","status":"publish","type":"post","link":"https:\/\/asfema.org\/blog\/index.php\/la-fenilcetonuria-pku-en-cocina-con-sentimiento-antena-3-tv\/","title":{"rendered":"La Fenilcetonuria PKU en Cocina con sentimiento &#8211; ANTENA 3 TV"},"content":{"rendered":"<p>El pr\u00f3ximo <strong>domingo 9 de junio de 2013 a las 13:00<\/strong>, en el canal Nova TV de Antena 3 (<a style=\"line-height: 24px;\" href=\"http:\/\/www.antena3.com\/nova\/programas\/cocina-con-sentimiento\/\">NOVA TV &#8211; Cocina con sentimiento &#8211; ANTENA 3 TV<\/a>), se emitir\u00e1 un programa de <strong>Cocina con Sentimiento<\/strong> en el que aparecer\u00e1 Aitana Calero Su\u00e1rez, Noa Calero Su\u00e1rez, Marta Su\u00e1rez Ayala y Aitor Calero Garc\u00eda, socios de Asfema.<\/p>\n<p style=\"text-align: center;\"><a href=\"http:\/\/www.antena3.com\/nova\/programas\/cocina-con-sentimiento\/\"><img decoding=\"async\" src=\"https:\/\/asfema.org\/blog\/wp-content\/uploads\/2013\/06\/32.jpg\" alt=\"\" \/><\/a><\/p>\n<p>La idea para el programa surgi\u00f3 como un <strong>reto y una sorpresa<\/strong>. El reto era que Eva Argui\u00f1ano preparara unas <strong>comidas bajas en prote\u00ednas<\/strong> para que Aitana las pudiera comer. La idea fue hacerlo a trav\u00e9s de una <strong>fiesta sorpresa<\/strong> para Aitana a la que tambi\u00e9n asistieran sus amiguitos del cole.<\/p>\n<p>La verdad es que <strong>fue un d\u00eda muy emocionante<\/strong>, lleno de nervios y risas, en el que nos lo pasamos en grande.<\/p>\n<p>Es muy importante que el mayor n\u00famero de personas posible conozcan lo que son las <strong>enfermedades metab\u00f3licas hereditarias<\/strong>, y qu\u00e9 retos plantean para afectados y familias. \u00bfQu\u00e9 mejor forma de hacerlo que a trav\u00e9s de un programa de televisi\u00f3n dedicado a la cocina como Cocina con Sentimiento?<\/p>\n<p>Desde Asfema, y como padre de Aitana, quiero <strong>mostrar mi m\u00e1s sincero agradecimiento a Bainet, Antena 3 y por supuesto a Eva Argui\u00f1ano<\/strong>, por dejarnos contar nuestra historia.<\/p>\n<p>Por cierto, que <strong>Eva sufri\u00f3 un infarto poco tiempo despu\u00e9s de la grabaci\u00f3n del programa, del que se ha recuperado satisfactoriamente<\/strong>. Esperemos que sigas tan simp\u00e1tica y feliz como siempre. Un fuerte abrazo y un fuerte beso. Que te sigas mejorando.<\/p>\n<p>&nbsp;<\/p>\n","protected":false},"excerpt":{"rendered":"<p>El pr\u00f3ximo domingo 9 de junio de 2013 a las 13:00, en el canal Nova TV de Antena 3 (NOVA TV &#8211; Cocina con sentimiento &#8211; ANTENA 3 TV), se emitir\u00e1 un programa de Cocina con Sentimiento en el que aparecer\u00e1 Aitana Calero Su\u00e1rez, Noa Calero Su\u00e1rez, Marta Su\u00e1rez Ayala y Aitor Calero Garc\u00eda, socios &hellip;<\/p>\n<p class=\"read-more\"> <a class=\"\" href=\"https:\/\/asfema.org\/blog\/index.php\/la-fenilcetonuria-pku-en-cocina-con-sentimiento-antena-3-tv\/\"> <span class=\"screen-reader-text\">La Fenilcetonuria PKU en Cocina con sentimiento &#8211; ANTENA 3 TV<\/span> Read More &raquo;<\/a><\/p>\n","protected":false},"author":1,"featured_media":1210,"comment_status":"open","ping_status":"open","sticky":false,"template":"","format":"standard","meta":{"site-sidebar-layout":"default","site-content-layout":"default","ast-global-header-display":"","ast-banner-title-visibility":"","ast-main-header-display":"","ast-hfb-above-header-display":"","ast-hfb-below-header-display":"","ast-hfb-mobile-header-display":"","site-post-title":"","ast-breadcrumbs-content":"","ast-featured-img":"","footer-sml-layout":"","theme-transparent-header-meta":"","adv-header-id-meta":"","stick-header-meta":"","header-above-stick-meta":"","header-main-stick-meta":"","header-below-stick-meta":"","footnotes":""},"categories":[210],"tags":[145,144,25,146],"acf":[],"_links":{"self":[{"href":"https:\/\/asfema.org\/blog\/index.php\/wp-json\/wp\/v2\/posts\/1205"}],"collection":[{"href":"https:\/\/asfema.org\/blog\/index.php\/wp-json\/wp\/v2\/posts"}],"about":[{"href":"https:\/\/asfema.org\/blog\/index.php\/wp-json\/wp\/v2\/types\/post"}],"author":[{"embeddable":true,"href":"https:\/\/asfema.org\/blog\/index.php\/wp-json\/wp\/v2\/users\/1"}],"replies":[{"embeddable":true,"href":"https:\/\/asfema.org\/blog\/index.php\/wp-json\/wp\/v2\/comments?post=1205"}],"version-history":[{"count":1,"href":"https:\/\/asfema.org\/blog\/index.php\/wp-json\/wp\/v2\/posts\/1205\/revisions"}],"predecessor-version":[{"id":3193,"href":"https:\/\/asfema.org\/blog\/index.php\/wp-json\/wp\/v2\/posts\/1205\/revisions\/3193"}],"wp:featuredmedia":[{"embeddable":true,"href":"https:\/\/asfema.org\/blog\/index.php\/wp-json\/wp\/v2\/media\/1210"}],"wp:attachment":[{"href":"https:\/\/asfema.org\/blog\/index.php\/wp-json\/wp\/v2\/media?parent=1205"}],"wp:term":[{"taxonomy":"category","embeddable":true,"href":"https:\/\/asfema.org\/blog\/index.php\/wp-json\/wp\/v2\/categories?post=1205"},{"taxonomy":"post_tag","embeddable":true,"href":"https:\/\/asfema.org\/blog\/index.php\/wp-json\/wp\/v2\/tags?post=1205"}],"curies":[{"name":"wp","href":"https:\/\/api.w.org\/{rel}","templated":true}]}}