{"id":1214,"date":"2013-06-18T20:11:21","date_gmt":"2013-06-18T20:11:21","guid":{"rendered":"https:\/\/asfema.org\/blog\/?p=1214"},"modified":"2017-05-14T13:09:06","modified_gmt":"2017-05-14T13:09:06","slug":"asamblea-general-ordinaria-de-asfema-2013","status":"publish","type":"post","link":"https:\/\/asfema.org\/blog\/index.php\/asamblea-general-ordinaria-de-asfema-2013\/","title":{"rendered":"Asamblea General Ordinaria de Asfema 2013"},"content":{"rendered":"<p style=\"text-align: center;\"><img decoding=\"async\" loading=\"lazy\" class=\"aligncenter\" src=\"http:\/\/www.madrid.org\/cs\/Satellite?blobcol=urldata&amp;blobheader=image%2Fjpg&amp;blobheadername1=Content-disposition&amp;blobheadername2=cadena&amp;blobheadervalue1=filename%3Dfachada.jpg&amp;blobheadervalue2=language%3Des%26site%3DHospitalRamonCajal&amp;blobkey=id&amp;blobtable=MungoBlobs&amp;blobwhere=1119143698652&amp;ssbinary=true\" alt=\"\" width=\"553\" height=\"275\" \/><\/p>\n<p>La Junta Directiva de Asfema comunica que la <strong>Asamblea General Ordinaria de 2013 tendr\u00e1 lugar el pr\u00f3ximo d\u00eda 22 de Junio, a las 10 horas, <del>en el Aula Docente del Hospital Ram\u00f3n y Cajal de Madrid<\/del><\/strong><del> (seguir l\u00ednea morada desde el mostrador de informaci\u00f3n e indicaciones)<\/del>.<\/p>\n<blockquote><p><span style=\"color: #ff0000;\">IMPORTANTE. Por problemas t\u00e9cnicos\u00a0la reuni\u00f3n se har\u00e1 en el <strong>Aula de Traumatolog\u00eda<\/strong> en la <strong>2 planta centro<\/strong>.<\/span><\/p><\/blockquote>\n<p>Conforme a nuestros estatutos, la convocatoria deber\u00eda haber sido comunicada con 15 d\u00edas de antelaci\u00f3n, pero nos ha sido imposible encontrar una sala de reuniones antes y m\u00e1s tarde hubiera sido muy complicado debido a las vacaciones. Si no te es posible asistir a la misma, <strong>puedes delegar tu voto en cualquier otro socio<\/strong>, rellenando el <a href=\"https:\/\/asfema.org\/blog\/wp-content\/uploads\/2013\/06\/delegacion-de-voto-asamblea-general.pdf\">delegacion-de-voto-asamblea-general<\/a>.<\/p>\n<p>Recordamos que, conforme a nuestros estatutos,<strong> tendr\u00e1n derecho a voto, todos los socios de Asfema mayores de 16 a\u00f1os, o en su defecto, si fuera menor de esa edad, su representante legal (padre, madre o tutor), siempre que est\u00e9n al corriente de pago de al menos, la primera cuota de 2013<\/strong>.<\/p>\n<p>El <strong>orden del d\u00eda<\/strong> propuesto ser\u00e1 el siguiente:<\/p>\n<ul>\n<li>Recuento de Socios Presentes y Revisi\u00f3n de votos delegados.<\/li>\n<li>Lectura y aprobaci\u00f3n del Acta de la Asamblea General Ordinaria anterior.<\/li>\n<li>Examen y aprobaci\u00f3n del Presupuesto, Balance contable y cuentas correspondientes al ejercicio 2012.<\/li>\n<li>Renovaci\u00f3n de Cargos de la Junta Directiva.<\/li>\n<li>Relaciones con la Federaci\u00f3n Espa\u00f1ola de Enfermedades Metab\u00f3licas Hereditarias<\/li>\n<li>DESCANSO: 15 minutos<\/li>\n<li>Relaci\u00f3n de Actividades y Propuestas para 2013<\/li>\n<li>Propuestas para la Renovaci\u00f3n del Local de Asfema.<\/li>\n<li>Ruegos y Preguntas<\/li>\n<\/ul>\n<p>Quedamos a vuestra disposici\u00f3n para cualquier aclaraci\u00f3n necesaria.<\/p>\n<p>La Junta Directiva<\/p>\n","protected":false},"excerpt":{"rendered":"<p>La Junta Directiva de Asfema comunica que la Asamblea General Ordinaria de 2013 tendr\u00e1 lugar el pr\u00f3ximo d\u00eda 22 de Junio, a las 10 horas, en el Aula Docente del Hospital Ram\u00f3n y Cajal de Madrid (seguir l\u00ednea morada desde el mostrador de informaci\u00f3n e indicaciones). IMPORTANTE. Por problemas t\u00e9cnicos\u00a0la reuni\u00f3n se har\u00e1 en el &hellip;<\/p>\n<p class=\"read-more\"> <a class=\"\" href=\"https:\/\/asfema.org\/blog\/index.php\/asamblea-general-ordinaria-de-asfema-2013\/\"> <span class=\"screen-reader-text\">Asamblea General Ordinaria de Asfema 2013<\/span> Read More &raquo;<\/a><\/p>\n","protected":false},"author":1,"featured_media":3047,"comment_status":"open","ping_status":"open","sticky":false,"template":"","format":"standard","meta":{"site-sidebar-layout":"default","site-content-layout":"default","ast-global-header-display":"","ast-banner-title-visibility":"","ast-main-header-display":"","ast-hfb-above-header-display":"","ast-hfb-below-header-display":"","ast-hfb-mobile-header-display":"","site-post-title":"","ast-breadcrumbs-content":"","ast-featured-img":"","footer-sml-layout":"","theme-transparent-header-meta":"","adv-header-id-meta":"","stick-header-meta":"","header-above-stick-meta":"","header-main-stick-meta":"","header-below-stick-meta":"","footnotes":""},"categories":[31,332],"tags":[58,147],"acf":[],"_links":{"self":[{"href":"https:\/\/asfema.org\/blog\/index.php\/wp-json\/wp\/v2\/posts\/1214"}],"collection":[{"href":"https:\/\/asfema.org\/blog\/index.php\/wp-json\/wp\/v2\/posts"}],"about":[{"href":"https:\/\/asfema.org\/blog\/index.php\/wp-json\/wp\/v2\/types\/post"}],"author":[{"embeddable":true,"href":"https:\/\/asfema.org\/blog\/index.php\/wp-json\/wp\/v2\/users\/1"}],"replies":[{"embeddable":true,"href":"https:\/\/asfema.org\/blog\/index.php\/wp-json\/wp\/v2\/comments?post=1214"}],"version-history":[{"count":1,"href":"https:\/\/asfema.org\/blog\/index.php\/wp-json\/wp\/v2\/posts\/1214\/revisions"}],"predecessor-version":[{"id":3247,"href":"https:\/\/asfema.org\/blog\/index.php\/wp-json\/wp\/v2\/posts\/1214\/revisions\/3247"}],"wp:featuredmedia":[{"embeddable":true,"href":"https:\/\/asfema.org\/blog\/index.php\/wp-json\/wp\/v2\/media\/3047"}],"wp:attachment":[{"href":"https:\/\/asfema.org\/blog\/index.php\/wp-json\/wp\/v2\/media?parent=1214"}],"wp:term":[{"taxonomy":"category","embeddable":true,"href":"https:\/\/asfema.org\/blog\/index.php\/wp-json\/wp\/v2\/categories?post=1214"},{"taxonomy":"post_tag","embeddable":true,"href":"https:\/\/asfema.org\/blog\/index.php\/wp-json\/wp\/v2\/tags?post=1214"}],"curies":[{"name":"wp","href":"https:\/\/api.w.org\/{rel}","templated":true}]}}