{"id":1223,"date":"2013-07-06T10:25:21","date_gmt":"2013-07-06T10:25:21","guid":{"rendered":"https:\/\/asfema.org\/blog\/?p=1223"},"modified":"2013-07-15T17:53:36","modified_gmt":"2013-07-15T17:53:36","slug":"nuevo-local-de-asfema","status":"publish","type":"post","link":"https:\/\/asfema.org\/blog\/index.php\/nuevo-local-de-asfema\/","title":{"rendered":"Nuevo Local de Asfema"},"content":{"rendered":"<p>A partir de <strong>septiembre<\/strong>, todas nuestras actividades, incluida la distribuci\u00f3n de alimentos se trasladar\u00e1n a un nuevo local situado en la calle <strong>Costa del Sol, 11 en Madrid<\/strong>.<\/p>\n<p style=\"text-align: center;\"><a href=\"https:\/\/asfema.org\/blog\/wp-content\/uploads\/2013\/07\/ScreenClip-1.png\"><img decoding=\"async\" loading=\"lazy\" class=\"aligncenter size-medium wp-image-1224\" alt=\"ScreenClip [1]\" src=\"https:\/\/asfema.org\/blog\/wp-content\/uploads\/2013\/07\/ScreenClip-1-300x216.png\" width=\"300\" height=\"216\" \/><\/a><\/p>\n<p style=\"text-align: center;\"><a href=\"https:\/\/asfema.org\/blog\/wp-content\/uploads\/2013\/07\/ScreenClip-2.png\"><img decoding=\"async\" loading=\"lazy\" class=\"aligncenter size-medium wp-image-1225\" alt=\"ScreenClip [2]\" src=\"https:\/\/asfema.org\/blog\/wp-content\/uploads\/2013\/07\/ScreenClip-2-292x300.png\" width=\"292\" height=\"300\" \/><\/a><\/p>\n<p>Este nuevo local consta de 140 m2 distribuidos en dos plantas. Una planta superior con cocina-office, ba\u00f1o, trastero y zona di\u00e1fana com\u00fan, y una planta s\u00f3tano completamente di\u00e1fana que podr\u00e1 ser utilizada como sala de usos m\u00faltiples.<\/p>\n<p>Durante el mes de agosto tendr\u00e1 lugar el traslado de materiales y alimentos del antiguo local al nuevo, de forma que el <strong>primer s\u00e1bado de septiembre se pueda abrir el nuevo local para la distribuci\u00f3n de alimentos<\/strong>.<\/p>\n<p>A continuaci\u00f3n se muestras unas fotos del que ser\u00e1 el nuevo local de Asfema (clic para ampliar):<\/p>\n<figure id=\"attachment_1227\" aria-describedby=\"caption-attachment-1227\" style=\"width: 225px\" class=\"wp-caption aligncenter\"><a href=\"https:\/\/asfema.org\/blog\/wp-content\/uploads\/2013\/07\/fotos-local.jpg\"><img decoding=\"async\" loading=\"lazy\" class=\"size-medium wp-image-1227\" alt=\"Nuevo Local Asfema\" src=\"https:\/\/asfema.org\/blog\/wp-content\/uploads\/2013\/07\/fotos-local-225x300.jpg\" width=\"225\" height=\"300\" \/><\/a><figcaption id=\"caption-attachment-1227\" class=\"wp-caption-text\">Fotos del Nuevo Local de Asfema<\/figcaption><\/figure>\n","protected":false},"excerpt":{"rendered":"<p>A partir de septiembre, todas nuestras actividades, incluida la distribuci\u00f3n de alimentos se trasladar\u00e1n a un nuevo local situado en la calle Costa del Sol, 11 en Madrid. Este nuevo local consta de 140 m2 distribuidos en dos plantas. Una planta superior con cocina-office, ba\u00f1o, trastero y zona di\u00e1fana com\u00fan, y una planta s\u00f3tano completamente &hellip;<\/p>\n<p class=\"read-more\"> <a class=\"\" href=\"https:\/\/asfema.org\/blog\/index.php\/nuevo-local-de-asfema\/\"> <span class=\"screen-reader-text\">Nuevo Local de Asfema<\/span> Read More &raquo;<\/a><\/p>\n","protected":false},"author":1,"featured_media":0,"comment_status":"open","ping_status":"open","sticky":false,"template":"","format":"standard","meta":{"site-sidebar-layout":"default","site-content-layout":"default","ast-global-header-display":"","ast-banner-title-visibility":"","ast-main-header-display":"","ast-hfb-above-header-display":"","ast-hfb-below-header-display":"","ast-hfb-mobile-header-display":"","site-post-title":"","ast-breadcrumbs-content":"","ast-featured-img":"","footer-sml-layout":"","theme-transparent-header-meta":"","adv-header-id-meta":"","stick-header-meta":"","header-above-stick-meta":"","header-main-stick-meta":"","header-below-stick-meta":"","footnotes":""},"categories":[5],"tags":[148],"acf":[],"_links":{"self":[{"href":"https:\/\/asfema.org\/blog\/index.php\/wp-json\/wp\/v2\/posts\/1223"}],"collection":[{"href":"https:\/\/asfema.org\/blog\/index.php\/wp-json\/wp\/v2\/posts"}],"about":[{"href":"https:\/\/asfema.org\/blog\/index.php\/wp-json\/wp\/v2\/types\/post"}],"author":[{"embeddable":true,"href":"https:\/\/asfema.org\/blog\/index.php\/wp-json\/wp\/v2\/users\/1"}],"replies":[{"embeddable":true,"href":"https:\/\/asfema.org\/blog\/index.php\/wp-json\/wp\/v2\/comments?post=1223"}],"version-history":[{"count":0,"href":"https:\/\/asfema.org\/blog\/index.php\/wp-json\/wp\/v2\/posts\/1223\/revisions"}],"wp:attachment":[{"href":"https:\/\/asfema.org\/blog\/index.php\/wp-json\/wp\/v2\/media?parent=1223"}],"wp:term":[{"taxonomy":"category","embeddable":true,"href":"https:\/\/asfema.org\/blog\/index.php\/wp-json\/wp\/v2\/categories?post=1223"},{"taxonomy":"post_tag","embeddable":true,"href":"https:\/\/asfema.org\/blog\/index.php\/wp-json\/wp\/v2\/tags?post=1223"}],"curies":[{"name":"wp","href":"https:\/\/api.w.org\/{rel}","templated":true}]}}