{"id":1304,"date":"2013-10-21T12:53:59","date_gmt":"2013-10-21T12:53:59","guid":{"rendered":"https:\/\/asfema.org\/blog\/?p=1304"},"modified":"2013-10-21T12:53:59","modified_gmt":"2013-10-21T12:53:59","slug":"charla-taller-soy-genial-pero-estoy-de-bajon","status":"publish","type":"post","link":"https:\/\/asfema.org\/blog\/index.php\/charla-taller-soy-genial-pero-estoy-de-bajon\/","title":{"rendered":"Charla-Taller, &#8220;Soy genial pero estoy de baj\u00f3n&#8221;"},"content":{"rendered":"<p style=\"margin-right: 0cm; margin-left: 0cm; font-size: 12pt; font-family: 'Times New Roman'; color: #222222; line-height: normal; background-color: #ffffff; text-align: justify;\">A trav\u00e9s del Ayuntamiento de Madrid, Servicio de Fomento del Asociacionismo nos invitan a esta charla-taller que puede ser interesante.<\/p>\n<p style=\"margin-right: 0cm; margin-left: 0cm; font-size: 12pt; font-family: 'Times New Roman'; color: #222222; line-height: normal; background-color: #ffffff; text-align: justify;\"><span style=\"font-size: 11pt;\">En el marco del ciclo de conferencias gratuitas organizado por<strong> H-Amikeco<\/strong> para este a\u00f1o 2013, y con el prop\u00f3sito de abrir un lugar de encuentro y di\u00e1logo sobre las dificultades de la vida diaria que nos llevan a acumular insatisfacci\u00f3n e infelicidad,\u00a0<\/span><span style=\"font-size: 11pt;\">la Asociaci\u00f3n H-Amikeco<\/span><span style=\"font-size: 11pt;\">\u00a0<\/span><span style=\"font-size: 11pt;\">ha organizado una nueva charla bajo el t\u00edtulo \u201c<strong>Soy genial pero estoy de baj\u00f3n<\/strong>\u201d.<\/span><\/p>\n<p style=\"margin-right: 0cm; margin-left: 0cm; font-size: 12pt; font-family: 'Times New Roman'; color: #222222; line-height: normal; background-color: #ffffff; text-align: justify;\">\n<p style=\"margin-right: 0cm; margin-left: 0cm; font-size: 12pt; font-family: 'Times New Roman'; color: #222222; line-height: normal; background-color: #ffffff; text-align: justify;\"><span style=\"font-size: 11pt;\">Esta Conferencia tiene como objetivo <strong>abordar aquellos problemas de la vida diaria que van apagando nuestra alegr\u00eda progresivamente, y que se van acumulando, haciendo que personas que anteriormente eran capaces de ser felices, se vean en una espiral de insatisfacci\u00f3n y pierdan la alegr\u00eda de vivir<\/strong>.<\/span><\/p>\n<p style=\"margin-right: 0cm; margin-left: 0cm; font-size: 12pt; font-family: 'Times New Roman'; color: #222222; line-height: normal; background-color: #ffffff; text-align: justify;\">\n<p style=\"margin-right: 0cm; margin-left: 0cm; font-size: 12pt; font-family: 'Times New Roman'; color: #222222; line-height: normal; background-color: #ffffff; text-align: justify;\"><span style=\"font-size: 11pt;\">Las actividades de <strong>H-Amikeco<\/strong> van orientadas al d<\/span><strong style=\"font-size: 11pt;\"><b><span style=\"font-family: Arial;\"><span style=\"font-family: Arial; font-weight: normal;\">esarrollo de las personas y la resoluci\u00f3n constructiva de problemas y conflictos<\/span><\/span><\/b><\/strong><span style=\"font-size: 11pt;\">, para lo cual ponen<\/span><span style=\"font-size: 11pt; color: navy;\"><span style=\"color: navy;\">\u00a0<\/span><\/span><span style=\"font-size: 11pt;\">a disposici\u00f3n del individuo y de la comunidad recursos que permitan un manejo creativo de los conflictos y su resoluci\u00f3n<\/span><span style=\"font-size: 11pt; color: navy;\"><span style=\"color: navy;\">.<\/span><\/span><\/p>\n<p style=\"margin-right: 0cm; margin-left: 0cm; font-size: 12pt; font-family: 'Times New Roman'; color: #222222; line-height: normal; background-color: #ffffff; text-align: justify;\">\n<p style=\"margin-right: 0cm; margin-left: 0cm; font-size: 12pt; font-family: 'Times New Roman'; color: #222222; line-height: normal; background-color: #ffffff; text-align: justify;\"><span style=\"font-size: 11pt;\">Esta conferencia tendr\u00e1 lugar el pr\u00f3ximo d\u00eda 28 de octubre, a las<\/span><span style=\"font-size: 11pt;\">\u00a0<\/span><span style=\"font-size: 11pt;\">19:30,<\/span><span style=\"font-size: 11pt;\">\u00a0<\/span><span style=\"font-size: 11pt;\">en la sede de la entidad en<\/span><span style=\"font-size: 11pt;\">\u00a0<\/span><span style=\"font-size: 11pt;\">la calle Palos<\/span><span style=\"font-size: 11pt;\">\u00a0<\/span><span style=\"font-size: 11pt;\">de la Frontera, 25, Entreplanta derecha. Al igual que las anteriores charlas de este ciclo, es de car\u00e1cter gratuito.<\/span><\/p>\n<p style=\"margin-right: 0cm; margin-left: 0cm; font-size: 12pt; font-family: 'Times New Roman'; color: #222222; line-height: normal; background-color: #ffffff; text-align: justify;\">\n<p style=\"margin-right: 0cm; margin-left: 0cm; font-size: 12pt; font-family: 'Times New Roman'; color: #222222; line-height: normal; background-color: #ffffff; text-align: justify;\"><span style=\"font-family: Arial; font-size: small;\"><span style=\"font-size: 11pt; font-family: Arial;\">Las personas interesadas en asistir a la conferencia, pueden contactar con\u00a0la Asociaci\u00f3n H-Amikeco\u00a0a trav\u00e9s del correo electr\u00f3nico\u00a0\u00a0<a style=\"color: #1155cc;\" href=\"mailto:madrid@amikeco.es?subject=Informaci%C3%B3n%20sobre%20p%C3%A1gina%20web%20H-Amikeco.\" target=\"_blank\"><span style=\"color: black;\"><span style=\"color: windowtext;\">madrid@amikeco.es<\/span><\/span><\/a>\u00a0\u00f3 de los n\u00fameros de tel\u00e9fono\u00a0<a style=\"color: #1155cc;\" href=\"tel:628%20600%20911\" target=\"_blank\">628 600 911<\/a>\u00a0\u00f3\u00a0<a style=\"color: #1155cc;\" href=\"tel:622%20193%20113\" target=\"_blank\">622 193 113<\/a><\/span><\/span><\/p>\n","protected":false},"excerpt":{"rendered":"<p>A trav\u00e9s del Ayuntamiento de Madrid, Servicio de Fomento del Asociacionismo nos invitan a esta charla-taller que puede ser interesante. En el marco del ciclo de conferencias gratuitas organizado por H-Amikeco para este a\u00f1o 2013, y con el prop\u00f3sito de abrir un lugar de encuentro y di\u00e1logo sobre las dificultades de la vida diaria que &hellip;<\/p>\n<p class=\"read-more\"> <a class=\"\" href=\"https:\/\/asfema.org\/blog\/index.php\/charla-taller-soy-genial-pero-estoy-de-bajon\/\"> <span class=\"screen-reader-text\">Charla-Taller, &#8220;Soy genial pero estoy de baj\u00f3n&#8221;<\/span> Read More &raquo;<\/a><\/p>\n","protected":false},"author":1,"featured_media":0,"comment_status":"open","ping_status":"open","sticky":false,"template":"","format":"standard","meta":{"site-sidebar-layout":"default","site-content-layout":"default","ast-global-header-display":"","ast-banner-title-visibility":"","ast-main-header-display":"","ast-hfb-above-header-display":"","ast-hfb-below-header-display":"","ast-hfb-mobile-header-display":"","site-post-title":"","ast-breadcrumbs-content":"","ast-featured-img":"","footer-sml-layout":"","theme-transparent-header-meta":"","adv-header-id-meta":"","stick-header-meta":"","header-above-stick-meta":"","header-main-stick-meta":"","header-below-stick-meta":"","footnotes":""},"categories":[31],"tags":[97,160,140,159],"acf":[],"_links":{"self":[{"href":"https:\/\/asfema.org\/blog\/index.php\/wp-json\/wp\/v2\/posts\/1304"}],"collection":[{"href":"https:\/\/asfema.org\/blog\/index.php\/wp-json\/wp\/v2\/posts"}],"about":[{"href":"https:\/\/asfema.org\/blog\/index.php\/wp-json\/wp\/v2\/types\/post"}],"author":[{"embeddable":true,"href":"https:\/\/asfema.org\/blog\/index.php\/wp-json\/wp\/v2\/users\/1"}],"replies":[{"embeddable":true,"href":"https:\/\/asfema.org\/blog\/index.php\/wp-json\/wp\/v2\/comments?post=1304"}],"version-history":[{"count":0,"href":"https:\/\/asfema.org\/blog\/index.php\/wp-json\/wp\/v2\/posts\/1304\/revisions"}],"wp:attachment":[{"href":"https:\/\/asfema.org\/blog\/index.php\/wp-json\/wp\/v2\/media?parent=1304"}],"wp:term":[{"taxonomy":"category","embeddable":true,"href":"https:\/\/asfema.org\/blog\/index.php\/wp-json\/wp\/v2\/categories?post=1304"},{"taxonomy":"post_tag","embeddable":true,"href":"https:\/\/asfema.org\/blog\/index.php\/wp-json\/wp\/v2\/tags?post=1304"}],"curies":[{"name":"wp","href":"https:\/\/api.w.org\/{rel}","templated":true}]}}