{"id":1382,"date":"2014-01-02T10:40:07","date_gmt":"2014-01-02T10:40:07","guid":{"rendered":"https:\/\/asfema.org\/blog\/?p=1382"},"modified":"2017-05-14T08:24:20","modified_gmt":"2017-05-14T08:24:20","slug":"fiesta-de-navidad-asfema-2014","status":"publish","type":"post","link":"https:\/\/asfema.org\/blog\/index.php\/fiesta-de-navidad-asfema-2014\/","title":{"rendered":"Fiesta de Navidad ASFEMA 2014"},"content":{"rendered":"<h1>Fiesta de Navidad<\/h1>\n<div>\n<p>El pr\u00f3ximo d\u00eda <strong>3 de enero de 2014<\/strong>, en el local de Asfema y\u00a0<strong>a partir de las 18:00 horas<\/strong> tendr\u00e1 lugar la tradicional <strong>fiesta de navidad<\/strong> para los peques de la asociaci\u00f3n.<\/p>\n<figure style=\"width: 300px\" class=\"wp-caption alignnone\"><img decoding=\"async\" loading=\"lazy\" src=\"https:\/\/gallery.mailchimp.com\/755c347bff48a967a63bd271e\/images\/11209045_felices_los_nia_os_multiculturales_con_trajes_rojo_de_invierno_gran_disea_o_para_la_fiesta_de_navida390484.jpg\" alt=\"\" width=\"300\" height=\"300\" align=\"none\" \/><figcaption class=\"wp-caption-text\">navidad<\/figcaption><\/figure>\n<p>En la fiesta se har\u00e1n las siguientes actividades:<\/p>\n<\/div>\n<ul>\n<li><strong>Taller pintacaras<\/strong><\/li>\n<li><strong>Taller de calcetines.\u00a0<\/strong>Se decorar\u00e1 y pintar\u00e1 un calcet\u00edn viejo, pero limpio, que los ni\u00f1os deben traer de\u00a0casa.\u00a0Los j\u00f3venes de Asfema estaremos atentos del\u00a0material que usen los ni\u00f1os.<\/li>\n<li><strong>Cuenta-cuentos<\/strong><\/li>\n<li><strong>Merienda<\/strong>.<\/li>\n<li><strong>Juegos de m\u00fasica<\/strong><\/li>\n<li><strong>Entrega de regalos<\/strong>.<\/li>\n<\/ul>\n<div>\n<p>Todas las actividades est\u00e1n siendo\u00a0<strong>organizadas por los j\u00f3venes de asfema<\/strong>que se encargar\u00e1n de coordinarlas.<\/p>\n<p>\u00a1Os esperamos a todos y, sobre todo, a los peques!<\/p>\n<\/div>\n","protected":false},"excerpt":{"rendered":"<p>Fiesta de Navidad El pr\u00f3ximo d\u00eda 3 de enero de 2014, en el local de Asfema y\u00a0a partir de las 18:00 horas tendr\u00e1 lugar la tradicional fiesta de navidad para los peques de la asociaci\u00f3n. En la fiesta se har\u00e1n las siguientes actividades: Taller pintacaras Taller de calcetines.\u00a0Se decorar\u00e1 y pintar\u00e1 un calcet\u00edn viejo, pero &hellip;<\/p>\n<p class=\"read-more\"> <a class=\"\" href=\"https:\/\/asfema.org\/blog\/index.php\/fiesta-de-navidad-asfema-2014\/\"> <span class=\"screen-reader-text\">Fiesta de Navidad ASFEMA 2014<\/span> Read More &raquo;<\/a><\/p>\n","protected":false},"author":1,"featured_media":1783,"comment_status":"open","ping_status":"open","sticky":false,"template":"","format":"standard","meta":{"site-sidebar-layout":"default","site-content-layout":"default","ast-global-header-display":"","ast-banner-title-visibility":"","ast-main-header-display":"","ast-hfb-above-header-display":"","ast-hfb-below-header-display":"","ast-hfb-mobile-header-display":"","site-post-title":"","ast-breadcrumbs-content":"","ast-featured-img":"","footer-sml-layout":"","theme-transparent-header-meta":"","adv-header-id-meta":"","stick-header-meta":"","header-above-stick-meta":"","header-main-stick-meta":"","header-below-stick-meta":"","footnotes":""},"categories":[31],"tags":[33,117,118],"acf":[],"_links":{"self":[{"href":"https:\/\/asfema.org\/blog\/index.php\/wp-json\/wp\/v2\/posts\/1382"}],"collection":[{"href":"https:\/\/asfema.org\/blog\/index.php\/wp-json\/wp\/v2\/posts"}],"about":[{"href":"https:\/\/asfema.org\/blog\/index.php\/wp-json\/wp\/v2\/types\/post"}],"author":[{"embeddable":true,"href":"https:\/\/asfema.org\/blog\/index.php\/wp-json\/wp\/v2\/users\/1"}],"replies":[{"embeddable":true,"href":"https:\/\/asfema.org\/blog\/index.php\/wp-json\/wp\/v2\/comments?post=1382"}],"version-history":[{"count":2,"href":"https:\/\/asfema.org\/blog\/index.php\/wp-json\/wp\/v2\/posts\/1382\/revisions"}],"predecessor-version":[{"id":3086,"href":"https:\/\/asfema.org\/blog\/index.php\/wp-json\/wp\/v2\/posts\/1382\/revisions\/3086"}],"wp:featuredmedia":[{"embeddable":true,"href":"https:\/\/asfema.org\/blog\/index.php\/wp-json\/wp\/v2\/media\/1783"}],"wp:attachment":[{"href":"https:\/\/asfema.org\/blog\/index.php\/wp-json\/wp\/v2\/media?parent=1382"}],"wp:term":[{"taxonomy":"category","embeddable":true,"href":"https:\/\/asfema.org\/blog\/index.php\/wp-json\/wp\/v2\/categories?post=1382"},{"taxonomy":"post_tag","embeddable":true,"href":"https:\/\/asfema.org\/blog\/index.php\/wp-json\/wp\/v2\/tags?post=1382"}],"curies":[{"name":"wp","href":"https:\/\/api.w.org\/{rel}","templated":true}]}}