{"id":1390,"date":"2014-01-14T10:32:34","date_gmt":"2014-01-14T10:32:34","guid":{"rendered":"https:\/\/asfema.org\/blog\/?p=1390"},"modified":"2017-05-14T08:12:06","modified_gmt":"2017-05-14T08:12:06","slug":"fin-de-la-incertidumbre-sobre-el-copago-de-alimentos-dietoterapicos-no-habra-copago","status":"publish","type":"post","link":"https:\/\/asfema.org\/blog\/index.php\/fin-de-la-incertidumbre-sobre-el-copago-de-alimentos-dietoterapicos-no-habra-copago\/","title":{"rendered":"Fin de la Incertidumbre sobre el copago de alimentos dietoter\u00e1picos. No habr\u00e1 copago"},"content":{"rendered":"<p>Por fin se ha acabado con la incertidumbre que exist\u00eda acerca del posible <strong>copago de alimentos dietoter\u00e1picos<\/strong> (los baticos y leches especiales).<\/p>\n<p>A trav\u00e9s de una nota de prensa, el Ministerio de Sanidad confirma que<strong> NO habr\u00e1 copago<\/strong>.<\/p>\n<blockquote><p>De este modo, el desarrollo normativo de la cartera de servicios del Sistema Nacional de Salud se <strong>da por concluido<\/strong>, tal y como fue acordado, a propuesta de la ministra, con las Comunidades Aut\u00f3nomas en el Consejo Interterritorial del Sistema Nacional de Salud del pasado mes de diciembre de 2013. Por tanto, <strong>no se van a establecer nuevas aportaciones en ortopr\u00f3tesis, dietoter\u00e1picos ni en transporte sanitario no urgente<\/strong>.<\/p><\/blockquote>\n<p>Fuente:\u00a0<a href=\"http:\/\/www.msssi.gob.es\/gabinete\/notasPrensa.do?id=3161\">Ministerio de Sanidad, Servicios Sociales e Igualdad &#8211; Gabinete de Prensa &#8211; Notas de Prensa<\/a>.<\/p>\n<p>Es, sin duda, una <strong>excelente noticia<\/strong> para todos los fenilceton\u00faricos y afectados por las enfermedades raras metab\u00f3licas.<\/p>\n","protected":false},"excerpt":{"rendered":"<p>Por fin se ha acabado con la incertidumbre que exist\u00eda acerca del posible copago de alimentos dietoter\u00e1picos (los baticos y leches especiales). A trav\u00e9s de una nota de prensa, el Ministerio de Sanidad confirma que NO habr\u00e1 copago. De este modo, el desarrollo normativo de la cartera de servicios del Sistema Nacional de Salud se &hellip;<\/p>\n<p class=\"read-more\"> <a class=\"\" href=\"https:\/\/asfema.org\/blog\/index.php\/fin-de-la-incertidumbre-sobre-el-copago-de-alimentos-dietoterapicos-no-habra-copago\/\"> <span class=\"screen-reader-text\">Fin de la Incertidumbre sobre el copago de alimentos dietoter\u00e1picos. No habr\u00e1 copago<\/span> Read More &raquo;<\/a><\/p>\n","protected":false},"author":1,"featured_media":3043,"comment_status":"open","ping_status":"open","sticky":false,"template":"","format":"standard","meta":{"site-sidebar-layout":"default","site-content-layout":"default","ast-global-header-display":"","ast-banner-title-visibility":"","ast-main-header-display":"","ast-hfb-above-header-display":"","ast-hfb-below-header-display":"","ast-hfb-mobile-header-display":"","site-post-title":"","ast-breadcrumbs-content":"","ast-featured-img":"","footer-sml-layout":"","theme-transparent-header-meta":"","adv-header-id-meta":"","stick-header-meta":"","header-above-stick-meta":"","header-main-stick-meta":"","header-below-stick-meta":"","footnotes":""},"categories":[332,5],"tags":[10,50,184],"acf":[],"_links":{"self":[{"href":"https:\/\/asfema.org\/blog\/index.php\/wp-json\/wp\/v2\/posts\/1390"}],"collection":[{"href":"https:\/\/asfema.org\/blog\/index.php\/wp-json\/wp\/v2\/posts"}],"about":[{"href":"https:\/\/asfema.org\/blog\/index.php\/wp-json\/wp\/v2\/types\/post"}],"author":[{"embeddable":true,"href":"https:\/\/asfema.org\/blog\/index.php\/wp-json\/wp\/v2\/users\/1"}],"replies":[{"embeddable":true,"href":"https:\/\/asfema.org\/blog\/index.php\/wp-json\/wp\/v2\/comments?post=1390"}],"version-history":[{"count":1,"href":"https:\/\/asfema.org\/blog\/index.php\/wp-json\/wp\/v2\/posts\/1390\/revisions"}],"predecessor-version":[{"id":3077,"href":"https:\/\/asfema.org\/blog\/index.php\/wp-json\/wp\/v2\/posts\/1390\/revisions\/3077"}],"wp:featuredmedia":[{"embeddable":true,"href":"https:\/\/asfema.org\/blog\/index.php\/wp-json\/wp\/v2\/media\/3043"}],"wp:attachment":[{"href":"https:\/\/asfema.org\/blog\/index.php\/wp-json\/wp\/v2\/media?parent=1390"}],"wp:term":[{"taxonomy":"category","embeddable":true,"href":"https:\/\/asfema.org\/blog\/index.php\/wp-json\/wp\/v2\/categories?post=1390"},{"taxonomy":"post_tag","embeddable":true,"href":"https:\/\/asfema.org\/blog\/index.php\/wp-json\/wp\/v2\/tags?post=1390"}],"curies":[{"name":"wp","href":"https:\/\/api.w.org\/{rel}","templated":true}]}}