{"id":1429,"date":"2014-02-16T17:48:15","date_gmt":"2014-02-16T17:48:15","guid":{"rendered":"https:\/\/asfema.org\/blog\/?p=1429"},"modified":"2014-02-16T17:48:15","modified_gmt":"2014-02-16T17:48:15","slug":"todo-en-marcha-para-la-ii-ciclomarcha-por-las-enfermedades-raras-metabolicas","status":"publish","type":"post","link":"https:\/\/asfema.org\/blog\/index.php\/todo-en-marcha-para-la-ii-ciclomarcha-por-las-enfermedades-raras-metabolicas\/","title":{"rendered":"Todo en marcha para la II Ciclomarcha por las Enfermedades Raras Metab\u00f3licas"},"content":{"rendered":"<p>ASFEMA tiene el placer de invitarte a la<strong> II edici\u00f3n de la Ciclomarcha por las Enfermedades Raras Metab\u00f3licas<\/strong>.<\/p>\n<figure style=\"width: 300px\" class=\"wp-caption alignnone\"><img decoding=\"async\" loading=\"lazy\" alt=\"cartel ciclomarcha\" src=\"http:\/\/www.asfema.org\/CartelCiclomarcha2014.jpg\" width=\"300\" height=\"447\" \/><figcaption class=\"wp-caption-text\">Cartel de la Ciclomarcha<\/figcaption><\/figure>\n<p>Como el a\u00f1o pasado, nos encantar\u00eda volver a verte en <strong>El Tiemblo el domingo 27 de Abril<\/strong>. La ciclomarcha saldr\u00e1 a las 11AM y tendr\u00e1 el mismo recorrido que el a\u00f1o pasado, atravesando <a title=\"Casta\u00f1ar de El Tiemblo\" href=\"http:\/\/www.eltiemblo.es\/Tablon_archivos\/el%20castanar\/el%20castanar.htm\" target=\"_blank\">el precioso Casta\u00f1ar<\/a>, y llegando al polideportivo, donde te esperan un mont\u00f3n de regalos, y un bien merecido avituallamiento.<\/p>\n<p>Y si quieres, te puedes venir con la familia, porque tendremos actividades para todas las edades y que todos pod\u00e1is disfrutar del evento.<\/p>\n<p>Las <strong>inscripciones<\/strong> las puedes hacer <a title=\"Inscripciones Ciclomarcha\" href=\"http:\/\/cronok30.com\/portal-cronok30\/index.php?option=com_listaeventos&amp;view=inscripcion&amp;Itemid=7&amp;id_evento=1159&amp;nuevo_inscrito=si\" target=\"_blank\">en esta p\u00e1gina web<\/a>, y toda la <strong>informaci\u00f3n<\/strong> de la prueba la puedes encontrar <a title=\"II Ciclomarcha ASFEMA MBT BTT por las Enfermedades Raras Metab\u00f3licas\" href=\"https:\/\/asfema.org\/blog\/?page_id=1402\" target=\"_blank\">en nuestra web<\/a>, que iremos actualizando con informaci\u00f3n.<\/p>\n<p>Para refrescarte la memoria, puedes <a title=\"Album Asfema Ciclomarcha\" href=\"http:\/\/www.flickr.com\/photos\/asfema\/sets\/72157633593655110\/\" target=\"_blank\">echar un vistazo a las fotos del a\u00f1o pasado<\/a>.<\/p>\n<p>\u00a1No olvides dec\u00edrselo a tus amigos!<\/p>\n","protected":false},"excerpt":{"rendered":"<p>ASFEMA tiene el placer de invitarte a la II edici\u00f3n de la Ciclomarcha por las Enfermedades Raras Metab\u00f3licas. Como el a\u00f1o pasado, nos encantar\u00eda volver a verte en El Tiemblo el domingo 27 de Abril. La ciclomarcha saldr\u00e1 a las 11AM y tendr\u00e1 el mismo recorrido que el a\u00f1o pasado, atravesando el precioso Casta\u00f1ar, y &hellip;<\/p>\n<p class=\"read-more\"> <a class=\"\" href=\"https:\/\/asfema.org\/blog\/index.php\/todo-en-marcha-para-la-ii-ciclomarcha-por-las-enfermedades-raras-metabolicas\/\"> <span class=\"screen-reader-text\">Todo en marcha para la II Ciclomarcha por las Enfermedades Raras Metab\u00f3licas<\/span> Read More &raquo;<\/a><\/p>\n","protected":false},"author":1,"featured_media":0,"comment_status":"open","ping_status":"open","sticky":false,"template":"","format":"standard","meta":{"site-sidebar-layout":"default","site-content-layout":"default","ast-global-header-display":"","ast-banner-title-visibility":"","ast-main-header-display":"","ast-hfb-above-header-display":"","ast-hfb-below-header-display":"","ast-hfb-mobile-header-display":"","site-post-title":"","ast-breadcrumbs-content":"","ast-featured-img":"","footer-sml-layout":"","theme-transparent-header-meta":"","adv-header-id-meta":"","stick-header-meta":"","header-above-stick-meta":"","header-main-stick-meta":"","header-below-stick-meta":"","footnotes":""},"categories":[31],"tags":[59,133,142],"acf":[],"_links":{"self":[{"href":"https:\/\/asfema.org\/blog\/index.php\/wp-json\/wp\/v2\/posts\/1429"}],"collection":[{"href":"https:\/\/asfema.org\/blog\/index.php\/wp-json\/wp\/v2\/posts"}],"about":[{"href":"https:\/\/asfema.org\/blog\/index.php\/wp-json\/wp\/v2\/types\/post"}],"author":[{"embeddable":true,"href":"https:\/\/asfema.org\/blog\/index.php\/wp-json\/wp\/v2\/users\/1"}],"replies":[{"embeddable":true,"href":"https:\/\/asfema.org\/blog\/index.php\/wp-json\/wp\/v2\/comments?post=1429"}],"version-history":[{"count":0,"href":"https:\/\/asfema.org\/blog\/index.php\/wp-json\/wp\/v2\/posts\/1429\/revisions"}],"wp:attachment":[{"href":"https:\/\/asfema.org\/blog\/index.php\/wp-json\/wp\/v2\/media?parent=1429"}],"wp:term":[{"taxonomy":"category","embeddable":true,"href":"https:\/\/asfema.org\/blog\/index.php\/wp-json\/wp\/v2\/categories?post=1429"},{"taxonomy":"post_tag","embeddable":true,"href":"https:\/\/asfema.org\/blog\/index.php\/wp-json\/wp\/v2\/tags?post=1429"}],"curies":[{"name":"wp","href":"https:\/\/api.w.org\/{rel}","templated":true}]}}