{"id":1432,"date":"2014-02-18T12:18:48","date_gmt":"2014-02-18T12:18:48","guid":{"rendered":"https:\/\/asfema.org\/blog\/?p=1432"},"modified":"2014-03-08T13:43:57","modified_gmt":"2014-03-08T13:43:57","slug":"pku-en-bebes-y-mas","status":"publish","type":"post","link":"https:\/\/asfema.org\/blog\/index.php\/pku-en-bebes-y-mas\/","title":{"rendered":"PKU en beb\u00e9s y m\u00e1s. Entrevista a Patricia Lorente"},"content":{"rendered":"<p>De vez en cuando (muuuy de vez en cuando) me contacta alguien diciendo que ha sabido de mi libro, porque les ha llegado, han encontrado una tarjeta m\u00eda, o algo as\u00ed. Siempre es una alegr\u00eda, porque es una ocasi\u00f3n para que la gente sepa sobre la fenilcetonuria.<\/p>\n<p>Hace unas semanas me contact\u00f3 Lola Rovati, editora y coordinadora de beb\u00e9s y m\u00e1s, que es una web sobre embarazo, infancia, mam\u00e1s y pap\u00e1s en general. Alguien les hab\u00eda hecho llegar mi libro (\u00bfqui\u00e9n? ni idea, pero qu\u00e9 bien). Me hicieron una peque\u00f1a entrevista que ha salido publicada hace un par de d\u00edas. Aqu\u00ed os la dejo, espero que sean muchos los lectores &#8220;no afectados&#8221; para que sean m\u00e1s quienes sepan de nosotros.<\/p>\n<p><a href=\"http:\/\/www.bebesymas.com\/salud-infantil\/cuando-la-prueba-del-talon-es-positiva-entrevista-a-patricia-lorente-madre-de-una-nina-con-fenilcetonuria\">http:\/\/www.bebesymas.com\/salud-infantil\/cuando-la-prueba-del-talon-es-positiva-entrevista-a-patricia-lorente-madre-de-una-nina-con-fenilcetonuria<\/a><\/p>\n","protected":false},"excerpt":{"rendered":"<p>De vez en cuando (muuuy de vez en cuando) me contacta alguien diciendo que ha sabido de mi libro, porque les ha llegado, han encontrado una tarjeta m\u00eda, o algo as\u00ed. Siempre es una alegr\u00eda, porque es una ocasi\u00f3n para que la gente sepa sobre la fenilcetonuria. Hace unas semanas me contact\u00f3 Lola Rovati, editora &hellip;<\/p>\n<p class=\"read-more\"> <a class=\"\" href=\"https:\/\/asfema.org\/blog\/index.php\/pku-en-bebes-y-mas\/\"> <span class=\"screen-reader-text\">PKU en beb\u00e9s y m\u00e1s. Entrevista a Patricia Lorente<\/span> Read More &raquo;<\/a><\/p>\n","protected":false},"author":2,"featured_media":0,"comment_status":"open","ping_status":"open","sticky":false,"template":"","format":"standard","meta":{"site-sidebar-layout":"default","site-content-layout":"default","ast-global-header-display":"","ast-banner-title-visibility":"","ast-main-header-display":"","ast-hfb-above-header-display":"","ast-hfb-below-header-display":"","ast-hfb-mobile-header-display":"","site-post-title":"","ast-breadcrumbs-content":"","ast-featured-img":"","footer-sml-layout":"","theme-transparent-header-meta":"","adv-header-id-meta":"","stick-header-meta":"","header-above-stick-meta":"","header-main-stick-meta":"","header-below-stick-meta":"","footnotes":""},"categories":[5],"tags":[168,26,147],"acf":[],"_links":{"self":[{"href":"https:\/\/asfema.org\/blog\/index.php\/wp-json\/wp\/v2\/posts\/1432"}],"collection":[{"href":"https:\/\/asfema.org\/blog\/index.php\/wp-json\/wp\/v2\/posts"}],"about":[{"href":"https:\/\/asfema.org\/blog\/index.php\/wp-json\/wp\/v2\/types\/post"}],"author":[{"embeddable":true,"href":"https:\/\/asfema.org\/blog\/index.php\/wp-json\/wp\/v2\/users\/2"}],"replies":[{"embeddable":true,"href":"https:\/\/asfema.org\/blog\/index.php\/wp-json\/wp\/v2\/comments?post=1432"}],"version-history":[{"count":0,"href":"https:\/\/asfema.org\/blog\/index.php\/wp-json\/wp\/v2\/posts\/1432\/revisions"}],"wp:attachment":[{"href":"https:\/\/asfema.org\/blog\/index.php\/wp-json\/wp\/v2\/media?parent=1432"}],"wp:term":[{"taxonomy":"category","embeddable":true,"href":"https:\/\/asfema.org\/blog\/index.php\/wp-json\/wp\/v2\/categories?post=1432"},{"taxonomy":"post_tag","embeddable":true,"href":"https:\/\/asfema.org\/blog\/index.php\/wp-json\/wp\/v2\/tags?post=1432"}],"curies":[{"name":"wp","href":"https:\/\/api.w.org\/{rel}","templated":true}]}}