{"id":1440,"date":"2014-03-08T15:00:58","date_gmt":"2014-03-08T15:00:58","guid":{"rendered":"https:\/\/asfema.org\/blog\/?p=1440"},"modified":"2014-03-08T13:45:56","modified_gmt":"2014-03-08T13:45:56","slug":"obra-de-teatro-a-favor-de-asfema-maribel-y-la-extrana-familia","status":"publish","type":"post","link":"https:\/\/asfema.org\/blog\/index.php\/obra-de-teatro-a-favor-de-asfema-maribel-y-la-extrana-familia\/","title":{"rendered":"Obra de teatro a favor de Asfema, &#8220;Maribel y la Extra\u00f1a Familia&#8221;"},"content":{"rendered":"<p>El pr\u00f3ximo d\u00eda<b>\u00a022 de marzo a las 19:30<\/b>h de la tarde se presenta la obra, &#8220;<b>Maribel y la extra\u00f1a familia<\/b>&#8220;, una obra de teatro de Miguel Mihura, en el\u00a0<b>teatro c\u00edrculo catal\u00e1n, Plaza de Espa\u00f1a, n\u00ba 6.<\/b><\/p>\n<p><a href=\"https:\/\/asfema.org\/blog\/wp-content\/uploads\/2014\/03\/cartel-obra-de-teatro-copia.jpg\"><img decoding=\"async\" loading=\"lazy\" class=\" wp-image-1441 alignleft\" alt=\"cartel obra de teatro copia\" src=\"https:\/\/asfema.org\/blog\/wp-content\/uploads\/2014\/03\/cartel-obra-de-teatro-copia-192x300.jpg\" width=\"213\" height=\"332\" \/><\/a><\/p>\n<p>&nbsp;<\/p>\n<p>&nbsp;<\/p>\n<p>&nbsp;<\/p>\n<p>&nbsp;<\/p>\n<p>&nbsp;<\/p>\n<p>&nbsp;<\/p>\n<p>&nbsp;<\/p>\n<p>&nbsp;<\/p>\n<p>El<b> precio de la entrada<\/b> ser\u00e1n <b>10\u20ac<\/b>, de los cuales <b>7\u20ac ser\u00e1n destinados a ASFEMA<\/b>.<\/p>\n<p>Entre todos los socios, tenemos que vender <strong>100 entradas<\/strong>, familiares, amigos, compa\u00f1eros de trabajo, no supone mucho esfuerzo y es en beneficio de todos.<br \/>\nPod\u00e9is reservar las entradas a trav\u00e9s del correo<b> <a href=\"mailto:contacto@asfema.org\" target=\"_blank\">contacto@asfema.org<\/a><\/b>.<\/p>\n<p>Se abonar\u00e1n en el n\u00ba de cuenta de la asociaci\u00f3n:<b> 2038 1006 6562 0001 8817<\/b>, detallando en concepto el n\u00ba de socio.<\/p>\n<p>Tambi\u00e9n se podr\u00e1n comprar el mismo d\u00eda de la obra en el teatro.<\/p>\n<p>Animaros todo el mundo, ser\u00e1 un d\u00eda genial para vernos las caras, y dar a conocer nuestra labor.<\/p>\n<div>\n<div id=\":28n\" tabindex=\"0\" role=\"button\" data-tooltip=\"Muestra el contenido reducido\"><img decoding=\"async\" alt=\"\" src=\"https:\/\/mail.google.com\/mail\/u\/0\/images\/cleardot.gif\" \/><\/div>\n<\/div>\n","protected":false},"excerpt":{"rendered":"<p>El pr\u00f3ximo d\u00eda\u00a022 de marzo a las 19:30h de la tarde se presenta la obra, &#8220;Maribel y la extra\u00f1a familia&#8220;, una obra de teatro de Miguel Mihura, en el\u00a0teatro c\u00edrculo catal\u00e1n, Plaza de Espa\u00f1a, n\u00ba 6. &nbsp; &nbsp; &nbsp; &nbsp; &nbsp; &nbsp; &nbsp; &nbsp; El precio de la entrada ser\u00e1n 10\u20ac, de los cuales 7\u20ac &hellip;<\/p>\n<p class=\"read-more\"> <a class=\"\" href=\"https:\/\/asfema.org\/blog\/index.php\/obra-de-teatro-a-favor-de-asfema-maribel-y-la-extrana-familia\/\"> <span class=\"screen-reader-text\">Obra de teatro a favor de Asfema, &#8220;Maribel y la Extra\u00f1a Familia&#8221;<\/span> Read More &raquo;<\/a><\/p>\n","protected":false},"author":3,"featured_media":0,"comment_status":"open","ping_status":"open","sticky":false,"template":"","format":"standard","meta":{"site-sidebar-layout":"default","site-content-layout":"default","ast-global-header-display":"","ast-banner-title-visibility":"","ast-main-header-display":"","ast-hfb-above-header-display":"","ast-hfb-below-header-display":"","ast-hfb-mobile-header-display":"","site-post-title":"","ast-breadcrumbs-content":"","ast-featured-img":"","footer-sml-layout":"","theme-transparent-header-meta":"","adv-header-id-meta":"","stick-header-meta":"","header-above-stick-meta":"","header-main-stick-meta":"","header-below-stick-meta":"","footnotes":""},"categories":[31],"tags":[160,185],"acf":[],"_links":{"self":[{"href":"https:\/\/asfema.org\/blog\/index.php\/wp-json\/wp\/v2\/posts\/1440"}],"collection":[{"href":"https:\/\/asfema.org\/blog\/index.php\/wp-json\/wp\/v2\/posts"}],"about":[{"href":"https:\/\/asfema.org\/blog\/index.php\/wp-json\/wp\/v2\/types\/post"}],"author":[{"embeddable":true,"href":"https:\/\/asfema.org\/blog\/index.php\/wp-json\/wp\/v2\/users\/3"}],"replies":[{"embeddable":true,"href":"https:\/\/asfema.org\/blog\/index.php\/wp-json\/wp\/v2\/comments?post=1440"}],"version-history":[{"count":0,"href":"https:\/\/asfema.org\/blog\/index.php\/wp-json\/wp\/v2\/posts\/1440\/revisions"}],"wp:attachment":[{"href":"https:\/\/asfema.org\/blog\/index.php\/wp-json\/wp\/v2\/media?parent=1440"}],"wp:term":[{"taxonomy":"category","embeddable":true,"href":"https:\/\/asfema.org\/blog\/index.php\/wp-json\/wp\/v2\/categories?post=1440"},{"taxonomy":"post_tag","embeddable":true,"href":"https:\/\/asfema.org\/blog\/index.php\/wp-json\/wp\/v2\/tags?post=1440"}],"curies":[{"name":"wp","href":"https:\/\/api.w.org\/{rel}","templated":true}]}}