{"id":1448,"date":"2014-03-06T10:00:32","date_gmt":"2014-03-06T10:00:32","guid":{"rendered":"https:\/\/asfema.org\/blog\/?p=1448"},"modified":"2014-03-08T13:43:13","modified_gmt":"2014-03-08T13:43:13","slug":"el-equipo-asfema-tambien-corre-por-las-enfermedades-raras-apuntate","status":"publish","type":"post","link":"https:\/\/asfema.org\/blog\/index.php\/el-equipo-asfema-tambien-corre-por-las-enfermedades-raras-apuntate\/","title":{"rendered":"El equipo ASFEMA tambi\u00e9n corre por las enfermedades raras. Ap\u00fantate"},"content":{"rendered":"<p>Este a\u00f1o queremos<strong> invitar a todos los socios y amigos de asfema, a correr como equipo por las enfermedades raras<\/strong>. La idea es que vayamos a pasar todos juntos un d\u00eda divertido a la casa de campo, y que se nos vea.<\/p>\n<p>Iremos todos <strong>equipados con una camiseta de Asfema<\/strong>, y aquellos que no quieran o no puedan correr, podr\u00e1n estar en unas mesas que vamos a poner para informar sobre las enfermedades raras metab\u00f3licas. \u00a1Contamos con vosotros!<\/p>\n<p><strong>INSCRIPCIONES HASTA EL D\u00cdA 11 DE MARZO<\/strong><\/p>\n<figure id=\"attachment_1454\" aria-describedby=\"caption-attachment-1454\" style=\"width: 752px\" class=\"wp-caption alignleft\"><a href=\"http:\/\/www.carreradelaesperanza.com\/\"><img decoding=\"async\" loading=\"lazy\" class=\" wp-image-1454\" title=\"http:\/\/www.carreradelaesperanza.com\/\" alt=\"2\" src=\"https:\/\/asfema.org\/blog\/wp-content\/uploads\/2014\/03\/21.jpg\" width=\"752\" height=\"150\" srcset=\"https:\/\/asfema.org\/blog\/wp-content\/uploads\/2014\/03\/21.jpg 940w, https:\/\/asfema.org\/blog\/wp-content\/uploads\/2014\/03\/21-768x153.jpg 768w\" sizes=\"(max-width: 752px) 100vw, 752px\" \/><\/a><figcaption id=\"caption-attachment-1454\" class=\"wp-caption-text\">http:\/\/www.carreradelaesperanza.com\/<\/figcaption><\/figure>\n<p>&nbsp;<\/p>\n<p><a title=\"Recorrido\" href=\"http:\/\/www.carreradelaesperanza.com\/cem-recorrido\/news\/recorrido\"><b>Recorrido<\/b><\/a><b><\/b><\/p>\n<p>La carrera para los mayores de 14 a\u00f1os tendr\u00e1 un recorrido de 5 km, que discurrir\u00e1 por los viales que figuran en el plano siguiente:<\/p>\n<p style=\"text-align: center;\"><img decoding=\"async\" loading=\"lazy\" class=\"aligncenter\" alt=\"\" src=\"https:\/\/s3-eu-west-1.amazonaws.com\/deporticket-eu\/feder-circuito-2014.jpg\" width=\"490\" height=\"255\" \/><\/p>\n<p><b>Carrera de 5 Km <\/b><\/p>\n<p>Salida y Meta en el Paseo de Mar\u00eda Teresa (de los Pl\u00e1tanos), giro por el Paseo Azul, subida por la carretera del telef\u00e9rico (por la derecha), bajada por la carretera del telef\u00e9rico (por la izquierda) y vuelta por el Paseo de Mar\u00eda Teresa (de los Pl\u00e1tanos).(circuito azul en el mapa).<\/p>\n<p><b>Carrera Infantil <\/b><\/p>\n<p>Circuito cerrado de unos 700 metros entre el Paseo de los Pl\u00e1tanos y el Paseo de los Casta\u00f1os (circuito rojo en el mapa).<\/p>\n<p>Los ni\u00f1os, con edades comprendidas entre los 4 y 14 a\u00f1os, har\u00e1n un recorrido aproximado de 700 metros, con salida y meta en el mismo lugar, en una carrera no competitiva, recibiendo una medalla todos los ni\u00f1os al llegar a la meta.<\/p>\n<p>Para las carreras de los ni\u00f1os, se har\u00e1n dos salidas, una para ni\u00f1os y otra para ni\u00f1as.<\/p>\n<p><strong>Informacion e inscripciones: <a title=\"Carrera de la Esperanza\" href=\"http:\/\/www.carreradelaesperanza.com\" target=\"_blank\">www.carreradelaesperanza.com<\/a><\/strong><\/p>\n<p>&nbsp;<\/p>\n<p>&nbsp;<\/p>\n<p>&nbsp;<\/p>\n","protected":false},"excerpt":{"rendered":"<p>Este a\u00f1o queremos invitar a todos los socios y amigos de asfema, a correr como equipo por las enfermedades raras. La idea es que vayamos a pasar todos juntos un d\u00eda divertido a la casa de campo, y que se nos vea. Iremos todos equipados con una camiseta de Asfema, y aquellos que no quieran &hellip;<\/p>\n<p class=\"read-more\"> <a class=\"\" href=\"https:\/\/asfema.org\/blog\/index.php\/el-equipo-asfema-tambien-corre-por-las-enfermedades-raras-apuntate\/\"> <span class=\"screen-reader-text\">El equipo ASFEMA tambi\u00e9n corre por las enfermedades raras. Ap\u00fantate<\/span> Read More &raquo;<\/a><\/p>\n","protected":false},"author":3,"featured_media":0,"comment_status":"open","ping_status":"open","sticky":false,"template":"","format":"standard","meta":{"site-sidebar-layout":"default","site-content-layout":"default","ast-global-header-display":"","ast-banner-title-visibility":"","ast-main-header-display":"","ast-hfb-above-header-display":"","ast-hfb-below-header-display":"","ast-hfb-mobile-header-display":"","site-post-title":"","ast-breadcrumbs-content":"","ast-featured-img":"","footer-sml-layout":"","theme-transparent-header-meta":"","adv-header-id-meta":"","stick-header-meta":"","header-above-stick-meta":"","header-main-stick-meta":"","header-below-stick-meta":"","footnotes":""},"categories":[5],"tags":[34,53,33,35],"acf":[],"_links":{"self":[{"href":"https:\/\/asfema.org\/blog\/index.php\/wp-json\/wp\/v2\/posts\/1448"}],"collection":[{"href":"https:\/\/asfema.org\/blog\/index.php\/wp-json\/wp\/v2\/posts"}],"about":[{"href":"https:\/\/asfema.org\/blog\/index.php\/wp-json\/wp\/v2\/types\/post"}],"author":[{"embeddable":true,"href":"https:\/\/asfema.org\/blog\/index.php\/wp-json\/wp\/v2\/users\/3"}],"replies":[{"embeddable":true,"href":"https:\/\/asfema.org\/blog\/index.php\/wp-json\/wp\/v2\/comments?post=1448"}],"version-history":[{"count":0,"href":"https:\/\/asfema.org\/blog\/index.php\/wp-json\/wp\/v2\/posts\/1448\/revisions"}],"wp:attachment":[{"href":"https:\/\/asfema.org\/blog\/index.php\/wp-json\/wp\/v2\/media?parent=1448"}],"wp:term":[{"taxonomy":"category","embeddable":true,"href":"https:\/\/asfema.org\/blog\/index.php\/wp-json\/wp\/v2\/categories?post=1448"},{"taxonomy":"post_tag","embeddable":true,"href":"https:\/\/asfema.org\/blog\/index.php\/wp-json\/wp\/v2\/tags?post=1448"}],"curies":[{"name":"wp","href":"https:\/\/api.w.org\/{rel}","templated":true}]}}