{"id":1546,"date":"2014-04-25T20:07:20","date_gmt":"2014-04-25T20:07:20","guid":{"rendered":"https:\/\/asfema.org\/blog\/?p=1546"},"modified":"2014-04-26T16:18:51","modified_gmt":"2014-04-26T16:18:51","slug":"informacion-de-interes-de-ultima-hora-sobre-la-ciclomarcha-2014","status":"publish","type":"post","link":"https:\/\/asfema.org\/blog\/index.php\/informacion-de-interes-de-ultima-hora-sobre-la-ciclomarcha-2014\/","title":{"rendered":"Informaci\u00f3n de Inter\u00e9s de \u00faltima hora sobre la ciclomarcha 2014"},"content":{"rendered":"<p>\u00bfEst\u00e1is ya preparados para la <a title=\"II Ciclomarcha ASFEMA MBT BTT por las Enfermedades Raras Metab\u00f3licas\" href=\"https:\/\/asfema.org\/blog\/?page_id=1402\" target=\"_blank\">Ciclomarcha<\/a>?<\/p>\n<p><img decoding=\"async\" loading=\"lazy\" class=\"alignnone\" src=\"https:\/\/asfema.org\/blog\/wp-content\/uploads\/2013\/04\/DSC02834.jpg\" alt=\"\" width=\"535\" height=\"300\" \/><\/p>\n<p>Seguro que ya ten\u00e9is todo preparado para el domingo, pero para facilitaros todav\u00eda m\u00e1s los cosas os damos la \u00faltima informaci\u00f3n de inter\u00e9s:<\/p>\n<h2>El tiempo (<a title=\"Previsi\u00f3n\" href=\"http:\/\/www.eltiempo.es\/el-tiemblo.html\" target=\"_blank\">aqu\u00ed ten\u00e9is la previsi\u00f3n completa<\/a>)<\/h2>\n<p>Va a hacer Sol, pero habr\u00e1 algo de viento, por lo que puede que haga fresco. Id abrigados, sobre todo aquellos que no vayan a participar, que los otros van a ir calentitos seguro \ud83d\ude09<\/p>\n<h2>Inscripciones de \u00faltima hora<\/h2>\n<p>Si lo has dejado para el \u00faltimo momento, a\u00fan est\u00e1s a tiempo. Te puedes inscribir el mismo domingo 27, en la misma zona de salida donde se recogen los dorsales. Eso s\u00ed, ve con algo m\u00e1s de tiempo por si acaso. El precio es el mismo.<\/p>\n<h2>Y despu\u00e9s de la carrera, \u00bfqu\u00e9 puedo hacer?<\/h2>\n<p>Yo que tu, ir\u00eda a Casa Mariano, ponen unos chuletones que tiran de espaldas, y el precio de los men\u00fas es de 15\u20ac o 20\u20ac para los participantes. Para muestra un bot\u00f3n (por llamarlo de alguna manera)<\/p>\n<figure style=\"width: 408px\" class=\"wp-caption aligncenter\"><img decoding=\"async\" loading=\"lazy\" src=\"http:\/\/m0.11870.com\/multimedia\/imagenes\/casa-mariano-el-tiemblo_pxl_a4475594d24f845e84026f7c98cc8a34.jpeg\" alt=\"\" width=\"408\" height=\"306\" \/><figcaption class=\"wp-caption-text\">Chulet\u00f3n peque\u00f1ito<\/figcaption><\/figure>\n<h2>Mapa de la ruta, participantes y lugares de inter\u00e9s<\/h2>\n<p>En este mapa de debajo, pod\u00e9is ver el recorrido, de d\u00f3nde vienen los participantes y el lugar de la salida.<\/p>\n<p><iframe loading=\"lazy\" src=\"http:\/\/geocarto.maps.arcgis.com\/home\/webmap\/templates\/OnePane\/basicviewer\/embed.html?webmap=5bf550fe9df641ca9d6a135bb9646529&amp;gcsextent=-9.5548,39.5674,-2.4631,42.9924&amp;displaysearch=true&amp;displaybasemaps=true\" width=\"500\" height=\"400\" frameborder=\"0\" marginwidth=\"0\" marginheight=\"0\" scrolling=\"no\"><\/iframe><br \/>\n<small><a style=\"color: #0000ff; text-align: left;\" href=\"http:\/\/asfema.org\/rutaciclomarcha\/index.html\" target=\"_blank\">Ver mapa m\u00e1s grande<\/a><\/small><\/p>\n","protected":false},"excerpt":{"rendered":"<p>\u00bfEst\u00e1is ya preparados para la Ciclomarcha? Seguro que ya ten\u00e9is todo preparado para el domingo, pero para facilitaros todav\u00eda m\u00e1s los cosas os damos la \u00faltima informaci\u00f3n de inter\u00e9s: El tiempo (aqu\u00ed ten\u00e9is la previsi\u00f3n completa) Va a hacer Sol, pero habr\u00e1 algo de viento, por lo que puede que haga fresco. Id abrigados, sobre &hellip;<\/p>\n<p class=\"read-more\"> <a class=\"\" href=\"https:\/\/asfema.org\/blog\/index.php\/informacion-de-interes-de-ultima-hora-sobre-la-ciclomarcha-2014\/\"> <span class=\"screen-reader-text\">Informaci\u00f3n de Inter\u00e9s de \u00faltima hora sobre la ciclomarcha 2014<\/span> Read More &raquo;<\/a><\/p>\n","protected":false},"author":1,"featured_media":0,"comment_status":"open","ping_status":"open","sticky":false,"template":"","format":"standard","meta":{"site-sidebar-layout":"default","site-content-layout":"default","ast-global-header-display":"","ast-banner-title-visibility":"","ast-main-header-display":"","ast-hfb-above-header-display":"","ast-hfb-below-header-display":"","ast-hfb-mobile-header-display":"","site-post-title":"","ast-breadcrumbs-content":"","ast-featured-img":"","footer-sml-layout":"","theme-transparent-header-meta":"","adv-header-id-meta":"","stick-header-meta":"","header-above-stick-meta":"","header-main-stick-meta":"","header-below-stick-meta":"","footnotes":""},"categories":[31],"tags":[59,126,133,26],"acf":[],"_links":{"self":[{"href":"https:\/\/asfema.org\/blog\/index.php\/wp-json\/wp\/v2\/posts\/1546"}],"collection":[{"href":"https:\/\/asfema.org\/blog\/index.php\/wp-json\/wp\/v2\/posts"}],"about":[{"href":"https:\/\/asfema.org\/blog\/index.php\/wp-json\/wp\/v2\/types\/post"}],"author":[{"embeddable":true,"href":"https:\/\/asfema.org\/blog\/index.php\/wp-json\/wp\/v2\/users\/1"}],"replies":[{"embeddable":true,"href":"https:\/\/asfema.org\/blog\/index.php\/wp-json\/wp\/v2\/comments?post=1546"}],"version-history":[{"count":0,"href":"https:\/\/asfema.org\/blog\/index.php\/wp-json\/wp\/v2\/posts\/1546\/revisions"}],"wp:attachment":[{"href":"https:\/\/asfema.org\/blog\/index.php\/wp-json\/wp\/v2\/media?parent=1546"}],"wp:term":[{"taxonomy":"category","embeddable":true,"href":"https:\/\/asfema.org\/blog\/index.php\/wp-json\/wp\/v2\/categories?post=1546"},{"taxonomy":"post_tag","embeddable":true,"href":"https:\/\/asfema.org\/blog\/index.php\/wp-json\/wp\/v2\/tags?post=1546"}],"curies":[{"name":"wp","href":"https:\/\/api.w.org\/{rel}","templated":true}]}}