{"id":1551,"date":"2014-05-06T20:52:46","date_gmt":"2014-05-06T20:52:46","guid":{"rendered":"https:\/\/asfema.org\/blog\/?p=1551"},"modified":"2017-05-14T11:16:37","modified_gmt":"2017-05-14T11:16:37","slug":"de-nuevo-otro-ano-mas-mil-gracias","status":"publish","type":"post","link":"https:\/\/asfema.org\/blog\/index.php\/de-nuevo-otro-ano-mas-mil-gracias\/","title":{"rendered":"De nuevo, otro a\u00f1o m\u00e1s, mil gracias"},"content":{"rendered":"<p>Desde ASFEMA queremos agradecer un a\u00f1o m\u00e1s, a todos los voluntarios, participantes, y colaboradores de la II Ciclomarcha por las Enfermedades Raras Metab\u00f3licas su participaci\u00f3n, \u00e1nimo y entusiasmo durante todo la jornada.<\/p>\n<p>En unos d\u00edas publicaremos, todas las fotos que tengamos de la jornada. De momento,<a title=\"Ciclomarcha en el Deporte de \u00c1vila\" href=\"http:\/\/deportesenavila.blogspot.com.es\/2014\/04\/ciclismo-el-tiemblo-acogio-la-ii.html\" target=\"_blank\" rel=\"noopener noreferrer\"> pod\u00e9is ver algunas en la web de deportes de \u00e1vila<\/a>.<\/p>\n<figure style=\"width: 500px\" class=\"wp-caption alignnone\"><img decoding=\"async\" loading=\"lazy\" src=\"http:\/\/2.bp.blogspot.com\/-r0mBCYzUEfw\/U2EMAS5n_eI\/AAAAAAABFIQ\/fgekifNgZkM\/s1600\/10270503_531717820269914_3972412560710664527_n.jpg\" alt=\"\" width=\"500\" height=\"375\" \/><figcaption class=\"wp-caption-text\">Vadeando en la II Ciclomarcha<\/figcaption><\/figure>\n<p>Nosotros lo pasamos en grande, y esperamos que todos los que estuvisteis all\u00ed tambi\u00e9n lo hicierais.<\/p>\n<p>No, no se nos olvida, el n\u00famero del sorteo de la camiseta de Fernando Alonso que sali\u00f3 premiado fue el 0160. As\u00ed que, \u00a1enhorabuena al ganador! Seguro que dentro de unos a\u00f1os valdr\u00e1 mucho dinero \ud83d\ude42<\/p>\n<p>Como ya sab\u00e9is, el importe \u00edntegro de la recaudaci\u00f3n de la ciclomarcha va destinado a cubrir los gastos de la organizaci\u00f3n, y a la subvenci\u00f3n de las actividades de la asociaci\u00f3n, de las que pod\u00e9is informaros en esta misma web.<\/p>\n<p>En serio, de nuevo, mil gracias a todos. Esperamos poder veros a todos, y a algunos m\u00e1s, el a\u00f1o que viene por estas mismas fechas para celebrar juntos la III edici\u00f3n. Hasta entonces, nuestro agradecimiento.<\/p>\n","protected":false},"excerpt":{"rendered":"<p>Desde ASFEMA queremos agradecer un a\u00f1o m\u00e1s, a todos los voluntarios, participantes, y colaboradores de la II Ciclomarcha por las Enfermedades Raras Metab\u00f3licas su participaci\u00f3n, \u00e1nimo y entusiasmo durante todo la jornada. En unos d\u00edas publicaremos, todas las fotos que tengamos de la jornada. De momento, pod\u00e9is ver algunas en la web de deportes de &hellip;<\/p>\n<p class=\"read-more\"> <a class=\"\" href=\"https:\/\/asfema.org\/blog\/index.php\/de-nuevo-otro-ano-mas-mil-gracias\/\"> <span class=\"screen-reader-text\">De nuevo, otro a\u00f1o m\u00e1s, mil gracias<\/span> Read More &raquo;<\/a><\/p>\n","protected":false},"author":1,"featured_media":3182,"comment_status":"open","ping_status":"open","sticky":false,"template":"","format":"standard","meta":{"site-sidebar-layout":"default","site-content-layout":"default","ast-global-header-display":"","ast-banner-title-visibility":"","ast-main-header-display":"","ast-hfb-above-header-display":"","ast-hfb-below-header-display":"","ast-hfb-mobile-header-display":"","site-post-title":"","ast-breadcrumbs-content":"","ast-featured-img":"","footer-sml-layout":"","theme-transparent-header-meta":"","adv-header-id-meta":"","stick-header-meta":"","header-above-stick-meta":"","header-main-stick-meta":"","header-below-stick-meta":"","footnotes":""},"categories":[31],"tags":[133],"acf":[],"_links":{"self":[{"href":"https:\/\/asfema.org\/blog\/index.php\/wp-json\/wp\/v2\/posts\/1551"}],"collection":[{"href":"https:\/\/asfema.org\/blog\/index.php\/wp-json\/wp\/v2\/posts"}],"about":[{"href":"https:\/\/asfema.org\/blog\/index.php\/wp-json\/wp\/v2\/types\/post"}],"author":[{"embeddable":true,"href":"https:\/\/asfema.org\/blog\/index.php\/wp-json\/wp\/v2\/users\/1"}],"replies":[{"embeddable":true,"href":"https:\/\/asfema.org\/blog\/index.php\/wp-json\/wp\/v2\/comments?post=1551"}],"version-history":[{"count":1,"href":"https:\/\/asfema.org\/blog\/index.php\/wp-json\/wp\/v2\/posts\/1551\/revisions"}],"predecessor-version":[{"id":3183,"href":"https:\/\/asfema.org\/blog\/index.php\/wp-json\/wp\/v2\/posts\/1551\/revisions\/3183"}],"wp:featuredmedia":[{"embeddable":true,"href":"https:\/\/asfema.org\/blog\/index.php\/wp-json\/wp\/v2\/media\/3182"}],"wp:attachment":[{"href":"https:\/\/asfema.org\/blog\/index.php\/wp-json\/wp\/v2\/media?parent=1551"}],"wp:term":[{"taxonomy":"category","embeddable":true,"href":"https:\/\/asfema.org\/blog\/index.php\/wp-json\/wp\/v2\/categories?post=1551"},{"taxonomy":"post_tag","embeddable":true,"href":"https:\/\/asfema.org\/blog\/index.php\/wp-json\/wp\/v2\/tags?post=1551"}],"curies":[{"name":"wp","href":"https:\/\/api.w.org\/{rel}","templated":true}]}}