{"id":1562,"date":"2014-05-26T10:00:26","date_gmt":"2014-05-26T10:00:26","guid":{"rendered":"https:\/\/asfema.org\/blog\/?p=1562"},"modified":"2017-05-14T11:20:42","modified_gmt":"2017-05-14T11:20:42","slug":"asfema-en-la-asamblea-general-extraordinaria-de-la-federacion-espanola-de-enfermedades-metabolicas-hereditarias","status":"publish","type":"post","link":"https:\/\/asfema.org\/blog\/index.php\/asfema-en-la-asamblea-general-extraordinaria-de-la-federacion-espanola-de-enfermedades-metabolicas-hereditarias\/","title":{"rendered":"Asfema en la Asamblea General Extraordinaria de la Federaci\u00f3n Espa\u00f1ola de Enfermedades Metab\u00f3licas Hereditarias"},"content":{"rendered":"<p><a href=\"https:\/\/asfema.org\/blog\/wp-content\/uploads\/2014\/05\/IMG_3278.jpg\"><img decoding=\"async\" loading=\"lazy\" class=\"aligncenter size-medium wp-image-1566\" src=\"https:\/\/asfema.org\/blog\/wp-content\/uploads\/2014\/05\/IMG_3278-300x224.jpg\" alt=\"Reuni\u00f3n de la Federaci\u00f3in\" width=\"300\" height=\"224\" \/><\/a><\/p>\n<p>La junta directiva de asfema, asisti\u00f3 a la reuni\u00f3n de la <strong>Asamblea General de la Federaci\u00f3n Espa\u00f1ola de Enfermedades Metab\u00f3licas Hereditarias<\/strong>, que tuvo lugar en Madrid, el d\u00eda 24 de mayo de 2014. Cont\u00f3 con la presencia de representantes de Madrid, Catalu\u00f1a, Navarra, Extremadura, Pa\u00eds Vasco, Asturias, Andaluc\u00eda y Valencia.<\/p>\n<p><a href=\"https:\/\/asfema.org\/blog\/wp-content\/uploads\/2014\/05\/IMG_3279.jpg\"><img decoding=\"async\" loading=\"lazy\" class=\"aligncenter size-medium wp-image-1567\" src=\"https:\/\/asfema.org\/blog\/wp-content\/uploads\/2014\/05\/IMG_3279-300x224.jpg\" alt=\"Asamblea de la Federaci\u00f3n\" width=\"300\" height=\"224\" \/><\/a><\/p>\n<p>Durante la reuni\u00f3n se trataron diversos aspectos que afectan al conjunto de las asociaciones, y a cada una de ellas en particular. Se abordaron temas que afectan a la estrategia que deber\u00eda seguir la Federaci\u00f3n en el futuro.<\/p>\n<p>Tambi\u00e9n se aprobaron las cuentas del ejercicio anterior, y se present\u00f3 el presupuesto para el siguiente ejercicio. Se intercambiaron tambi\u00e9n experiencias y se revisaron las actividades realizadas por cada una de las asociaciones.<\/p>\n<figure id=\"attachment_1568\" aria-describedby=\"caption-attachment-1568\" style=\"width: 300px\" class=\"wp-caption aligncenter\"><a href=\"https:\/\/asfema.org\/blog\/wp-content\/uploads\/2014\/05\/IMG_3283.jpg\"><img decoding=\"async\" loading=\"lazy\" class=\"size-medium wp-image-1568\" src=\"https:\/\/asfema.org\/blog\/wp-content\/uploads\/2014\/05\/IMG_3283-300x300.jpg\" alt=\"Trabajando durante la reuni\u00f3n\" width=\"300\" height=\"300\" \/><\/a><figcaption id=\"caption-attachment-1568\" class=\"wp-caption-text\">Trabajando durante la reuni\u00f3n<\/figcaption><\/figure>\n<p>Como resultado de la asamblea tambi\u00e9n<strong> se ha renovado totalmente la actual junta directiva<\/strong>, y se elegido una nueva junta compuesta por los siguientes miembros:<\/p>\n<ul>\n<li>Aitor Calero, <strong>Presidente<\/strong>. Asfema<\/li>\n<li>Mei Garc\u00eda, <strong>Vicepresidenta<\/strong>, PKU OTM Catalu\u00f1a<\/li>\n<li>Natalia D\u00edaz Souto, <strong>Tesorera<\/strong>, PKU OTM Asturias<\/li>\n<li>Marta Negro, <strong>Tesorera<\/strong>,\u00a0Asociaci\u00f3n PKU-OTM de Euskadi<\/li>\n<li>Francisco Javier Aguilar, <strong>Secretario<\/strong>, PKU OTM de Andaluc\u00eda<\/li>\n<li>Fernando Sojo, <strong>Vocal<\/strong>, PKU OTM Andaluc\u00eda<\/li>\n<li>Caty L\u00f3pez, <strong>Vocal<\/strong>,\u00a0PKU OTM Navarra<\/li>\n<\/ul>\n<p>Desde asfema deseamos todo lo mejor a esta nueva junta directiva, y mostramos toda nuestra disposici\u00f3n a colaborar con la misma para la consecuci\u00f3n de los fines de la federaci\u00f3n.<\/p>\n<p>Asimismo, queremos <strong>agradecer el enorme esfuerzo, dedicaci\u00f3n y sacrificio que los miembros de la junta directiva saliente han tenido para con la federaci\u00f3n<\/strong>. Esperamos poder seguir contando con su consejo experto y con su participaci\u00f3n, tanto en los objetivos, como en las actividades que la federaci\u00f3n plantee en el futuro.<\/p>\n","protected":false},"excerpt":{"rendered":"<p>La junta directiva de asfema, asisti\u00f3 a la reuni\u00f3n de la Asamblea General de la Federaci\u00f3n Espa\u00f1ola de Enfermedades Metab\u00f3licas Hereditarias, que tuvo lugar en Madrid, el d\u00eda 24 de mayo de 2014. Cont\u00f3 con la presencia de representantes de Madrid, Catalu\u00f1a, Navarra, Extremadura, Pa\u00eds Vasco, Asturias, Andaluc\u00eda y Valencia. Durante la reuni\u00f3n se trataron &hellip;<\/p>\n<p class=\"read-more\"> <a class=\"\" href=\"https:\/\/asfema.org\/blog\/index.php\/asfema-en-la-asamblea-general-extraordinaria-de-la-federacion-espanola-de-enfermedades-metabolicas-hereditarias\/\"> <span class=\"screen-reader-text\">Asfema en la Asamblea General Extraordinaria de la Federaci\u00f3n Espa\u00f1ola de Enfermedades Metab\u00f3licas Hereditarias<\/span> Read More &raquo;<\/a><\/p>\n","protected":false},"author":1,"featured_media":2551,"comment_status":"open","ping_status":"open","sticky":false,"template":"","format":"standard","meta":{"site-sidebar-layout":"default","site-content-layout":"default","ast-global-header-display":"","ast-banner-title-visibility":"","ast-main-header-display":"","ast-hfb-above-header-display":"","ast-hfb-below-header-display":"","ast-hfb-mobile-header-display":"","site-post-title":"","ast-breadcrumbs-content":"","ast-featured-img":"","footer-sml-layout":"","theme-transparent-header-meta":"","adv-header-id-meta":"","stick-header-meta":"","header-above-stick-meta":"","header-main-stick-meta":"","header-below-stick-meta":"","footnotes":""},"categories":[31,332],"tags":[58,94,33],"acf":[],"_links":{"self":[{"href":"https:\/\/asfema.org\/blog\/index.php\/wp-json\/wp\/v2\/posts\/1562"}],"collection":[{"href":"https:\/\/asfema.org\/blog\/index.php\/wp-json\/wp\/v2\/posts"}],"about":[{"href":"https:\/\/asfema.org\/blog\/index.php\/wp-json\/wp\/v2\/types\/post"}],"author":[{"embeddable":true,"href":"https:\/\/asfema.org\/blog\/index.php\/wp-json\/wp\/v2\/users\/1"}],"replies":[{"embeddable":true,"href":"https:\/\/asfema.org\/blog\/index.php\/wp-json\/wp\/v2\/comments?post=1562"}],"version-history":[{"count":1,"href":"https:\/\/asfema.org\/blog\/index.php\/wp-json\/wp\/v2\/posts\/1562\/revisions"}],"predecessor-version":[{"id":3185,"href":"https:\/\/asfema.org\/blog\/index.php\/wp-json\/wp\/v2\/posts\/1562\/revisions\/3185"}],"wp:featuredmedia":[{"embeddable":true,"href":"https:\/\/asfema.org\/blog\/index.php\/wp-json\/wp\/v2\/media\/2551"}],"wp:attachment":[{"href":"https:\/\/asfema.org\/blog\/index.php\/wp-json\/wp\/v2\/media?parent=1562"}],"wp:term":[{"taxonomy":"category","embeddable":true,"href":"https:\/\/asfema.org\/blog\/index.php\/wp-json\/wp\/v2\/categories?post=1562"},{"taxonomy":"post_tag","embeddable":true,"href":"https:\/\/asfema.org\/blog\/index.php\/wp-json\/wp\/v2\/tags?post=1562"}],"curies":[{"name":"wp","href":"https:\/\/api.w.org\/{rel}","templated":true}]}}