{"id":1595,"date":"2014-06-11T10:00:38","date_gmt":"2014-06-11T10:00:38","guid":{"rendered":"https:\/\/asfema.org\/blog\/?p=1595"},"modified":"2017-05-14T08:52:14","modified_gmt":"2017-05-14T08:52:14","slug":"asamblea-general-ordinaria-2014","status":"publish","type":"post","link":"https:\/\/asfema.org\/blog\/index.php\/asamblea-general-ordinaria-2014\/","title":{"rendered":"Asamblea General Ordinaria 2014"},"content":{"rendered":"<p>Querido socio\/a,<\/p>\n<p>por la presente, la Junta Directiva de Asfema comunica que la<strong>\u00a0Asamblea General Ordinaria de 2014<\/strong>\u00a0tendr\u00e1 lugar el pr\u00f3ximo d\u00eda\u00a0<strong>domingo 29 de Junio<\/strong>, a las\u00a0<strong>10:30<\/strong>\u00a0horas en primera convocatoria, y a las 11:00 en 2\u00aa convocatoria, en el Local de la Asociaci\u00f3n, situado en la\u00a0<strong>Calle Costa del Sol, n\u00ba11 de Madrid (Metro Hortaleza)<\/strong>.<\/p>\n<p>Si no te es posible asistir a la misma, puedes delegar tu voto en cualquier otro socio, rellenando el formulario que se encuentra en:\u00a0<a style=\"color: #eb4102;\" title=\"Delegaci\u00f3n de voto\" href=\"https:\/\/asfema.org\/blog\/wp-content\/uploads\/2014\/06\/delegacion-de-voto-asamblea-general.pdf\" target=\"_blank\" rel=\"noopener noreferrer\">https:\/\/asfema.org\/blog\/wp-content\/uploads\/2014\/06\/delegacion-de-voto-asamblea-general.pdf<\/a>\u00a0.<\/p>\n<p>Recordamos que, conforme a <a title=\"Estatutos de ASFEMA \u2013 Asociaci\u00f3n de Fenilceton\u00faricos y OTM de Madrid\" href=\"https:\/\/asfema.org\/blog\/?page_id=1343\" target=\"_blank\" rel=\"noopener noreferrer\">nuestros estatutos<\/a>, tendr\u00e1n derecho a voto, todos los socios de Asfema mayores de 16 a\u00f1os, o en su defecto, si fuera menor de esa edad, su representante legal (padre, madre o tutor), siempre que est\u00e9n al corriente de pago de, al menos, la primera cuota de 2014.<\/p>\n<p>El\u00a0<strong>orden del d\u00eda<\/strong>\u00a0propuesto ser\u00e1 el siguiente:<\/p>\n<ul style=\"color: #505050;\">\n<li>Lectura y aprobaci\u00f3n del anterior acta<\/li>\n<li>Informe cuentas 2013<\/li>\n<li>Memoria de actividades 2013<\/li>\n<li>Valoraci\u00f3n de actividades por socios<\/li>\n<li>Actividades J\u00f3venes y valoraci\u00f3n<\/li>\n<li>Presupuesto 2014<\/li>\n<li>Farmacias<\/li>\n<li>Situaci\u00f3n Federaci\u00f3n<\/li>\n<li>Propuesta ASFEMA a la federaci\u00f3n<\/li>\n<li>Renovaci\u00f3n cargos junta directiva<\/li>\n<\/ul>\n<div style=\"color: #505050;\">\n<p>La duraci\u00f3n total de la asamblea ser\u00e1 de un m\u00e1ximo de\u00a0<strong>3 horas<\/strong>.<\/p>\n<p>Quedamos a vuestra disposici\u00f3n para cualquier aclaraci\u00f3n necesaria.<\/p>\n<p>La Junta Directiva<\/p>\n<\/div>\n","protected":false},"excerpt":{"rendered":"<p>Querido socio\/a, por la presente, la Junta Directiva de Asfema comunica que la\u00a0Asamblea General Ordinaria de 2014\u00a0tendr\u00e1 lugar el pr\u00f3ximo d\u00eda\u00a0domingo 29 de Junio, a las\u00a010:30\u00a0horas en primera convocatoria, y a las 11:00 en 2\u00aa convocatoria, en el Local de la Asociaci\u00f3n, situado en la\u00a0Calle Costa del Sol, n\u00ba11 de Madrid (Metro Hortaleza). Si no &hellip;<\/p>\n<p class=\"read-more\"> <a class=\"\" href=\"https:\/\/asfema.org\/blog\/index.php\/asamblea-general-ordinaria-2014\/\"> <span class=\"screen-reader-text\">Asamblea General Ordinaria 2014<\/span> Read More &raquo;<\/a><\/p>\n","protected":false},"author":1,"featured_media":3047,"comment_status":"open","ping_status":"open","sticky":false,"template":"","format":"standard","meta":{"site-sidebar-layout":"default","site-content-layout":"default","ast-global-header-display":"","ast-banner-title-visibility":"","ast-main-header-display":"","ast-hfb-above-header-display":"","ast-hfb-below-header-display":"","ast-hfb-mobile-header-display":"","site-post-title":"","ast-breadcrumbs-content":"","ast-featured-img":"","footer-sml-layout":"","theme-transparent-header-meta":"","adv-header-id-meta":"","stick-header-meta":"","header-above-stick-meta":"","header-main-stick-meta":"","header-below-stick-meta":"","footnotes":""},"categories":[31,332],"tags":[58,147],"acf":[],"_links":{"self":[{"href":"https:\/\/asfema.org\/blog\/index.php\/wp-json\/wp\/v2\/posts\/1595"}],"collection":[{"href":"https:\/\/asfema.org\/blog\/index.php\/wp-json\/wp\/v2\/posts"}],"about":[{"href":"https:\/\/asfema.org\/blog\/index.php\/wp-json\/wp\/v2\/types\/post"}],"author":[{"embeddable":true,"href":"https:\/\/asfema.org\/blog\/index.php\/wp-json\/wp\/v2\/users\/1"}],"replies":[{"embeddable":true,"href":"https:\/\/asfema.org\/blog\/index.php\/wp-json\/wp\/v2\/comments?post=1595"}],"version-history":[{"count":1,"href":"https:\/\/asfema.org\/blog\/index.php\/wp-json\/wp\/v2\/posts\/1595\/revisions"}],"predecessor-version":[{"id":3105,"href":"https:\/\/asfema.org\/blog\/index.php\/wp-json\/wp\/v2\/posts\/1595\/revisions\/3105"}],"wp:featuredmedia":[{"embeddable":true,"href":"https:\/\/asfema.org\/blog\/index.php\/wp-json\/wp\/v2\/media\/3047"}],"wp:attachment":[{"href":"https:\/\/asfema.org\/blog\/index.php\/wp-json\/wp\/v2\/media?parent=1595"}],"wp:term":[{"taxonomy":"category","embeddable":true,"href":"https:\/\/asfema.org\/blog\/index.php\/wp-json\/wp\/v2\/categories?post=1595"},{"taxonomy":"post_tag","embeddable":true,"href":"https:\/\/asfema.org\/blog\/index.php\/wp-json\/wp\/v2\/tags?post=1595"}],"curies":[{"name":"wp","href":"https:\/\/api.w.org\/{rel}","templated":true}]}}