{"id":1682,"date":"2014-10-05T06:00:37","date_gmt":"2014-10-05T06:00:37","guid":{"rendered":"https:\/\/asfema.org\/blog\/?p=1682"},"modified":"2017-05-14T09:46:48","modified_gmt":"2017-05-14T09:46:48","slug":"crackers-caseros","status":"publish","type":"post","link":"https:\/\/asfema.org\/blog\/index.php\/crackers-caseros\/","title":{"rendered":"crackers caseros"},"content":{"rendered":"<p>Hola, esta receta la hice ayer para experimentar con la harina de Balviten que nos han mandado a modo de muestra. Como los crackers han gustado, aqu\u00ed pongo el croquis. Es la receta de mi abuela, que la guardaba codiciosamente y solo ayer accedi\u00f3 a d\u00e1rmela. Ayer la prob\u00e9 por primera vez.<\/p>\n<p><strong>Ingredientes:<\/strong><br \/>\nmantequilla o margarina &#8211; medio paquete.<br \/>\nharina baja en prote\u00edna- 1,5 vaso m\u00e1s otro vaso para ir a\u00f1adiendo poco a poco.<br \/>\ncerveza con o sin alcohol (yo he usado sin) &#8211; he comprado una lata de 330 ml pero no he llegado a utilizar ni 100 ml creo.<br \/>\nsal y especias<\/p>\n<p>Lo que se consigue con la cerveza es sustituir el bicarbonato s\u00f3dico de manera m\u00e1s natural. Tambi\u00e9n le proporciona el sabor a pan o cereal del que nuestra harina carece a veces. En general, uso la cerveza bastante en las recetas de panader\u00eda.<\/p>\n<p>Preparaci\u00f3n:<\/p>\n<p>En un bol amasar la mantequilla con 1,5 vaso de harina. A\u00f1adir unos 50ml de cerveza y seguir amasando. La masa se tornar\u00e1 muy pegajosa con lo cual hay que ir a\u00f1adiendo m\u00e1s harina y cerveza hasta conseguir la consistencia de masa de hojaldre. A\u00f1adir tambi\u00e9n una pizca de sal. Cuando la masa adquiera la consistencia adecuada, formar un bol y dejar reposar unos diez minutos.<\/p>\n<p>Coger un trozo de la masa y extenderla en el papel de horno previamente rociado con aceite y \u00a0espolvoreado con un poquit\u00edn de harina. la masa debe quedar muy fina.<\/p>\n<p><a href=\"https:\/\/asfema.org\/blog\/wp-content\/uploads\/2014\/10\/20141004_105834.jpg\"><img decoding=\"async\" loading=\"lazy\" class=\"aligncenter size-medium wp-image-1683\" src=\"https:\/\/asfema.org\/blog\/wp-content\/uploads\/2014\/10\/20141004_105834-300x225.jpg\" alt=\"20141004_105834\" width=\"300\" height=\"225\" \/><\/a><\/p>\n<p>Cortar la masa en cuadrados. pasar por encima la mano untada con aceite (muy poquito. mi abuela sol\u00eda pintar los crackers con la clara de huevo y una brocha de cocina, pero no tengo paciencia \ud83d\ude09 ). echar especias. \u00a0Yo us\u00e9 distintas especias para los crackers: algunos con ajo, otros con or\u00e9gano, con piment\u00f3n picante, especias morunas, comino etc. Pero, como dec\u00edan ayer las chicas, ser\u00edan interesantes mezclas ajo- perejil u or\u00e9gano- tomate seco. Es cuesti\u00f3n de vuestras preferencias.<\/p>\n<p><a href=\"https:\/\/asfema.org\/blog\/wp-content\/uploads\/2014\/10\/20141004_105843.jpg\"><img decoding=\"async\" loading=\"lazy\" class=\"aligncenter size-medium wp-image-1685\" src=\"https:\/\/asfema.org\/blog\/wp-content\/uploads\/2014\/10\/20141004_112047-300x225.jpg\" alt=\"20141004_112047\" width=\"300\" height=\"225\" \/><img decoding=\"async\" loading=\"lazy\" class=\"aligncenter size-medium wp-image-1684\" src=\"https:\/\/asfema.org\/blog\/wp-content\/uploads\/2014\/10\/20141004_105843-300x225.jpg\" alt=\"20141004_105843\" width=\"300\" height=\"225\" \/><\/a><\/p>\n<p>hornear durante unos 12- 15 minutos en un horno calentado previamente a 180 grados. es importante que no dejeis los crackers a su suerte, porque en el momento en que est\u00e9n doradas, hay que sacarlas inmediatamente &#8211; \u00a1se queman muy r\u00e1pido!<\/p>\n<p><a href=\"https:\/\/asfema.org\/blog\/wp-content\/uploads\/2014\/10\/20141004_111348.jpg\"><img decoding=\"async\" loading=\"lazy\" class=\"aligncenter size-medium wp-image-1686\" src=\"https:\/\/asfema.org\/blog\/wp-content\/uploads\/2014\/10\/20141004_111348-300x225.jpg\" alt=\"20141004_111348\" width=\"300\" height=\"225\" \/><\/a><\/p>\n<p>buen provecho<\/p>\n<p>&nbsp;<\/p>\n","protected":false},"excerpt":{"rendered":"<p>Hola, esta receta la hice ayer para experimentar con la harina de Balviten que nos han mandado a modo de muestra. Como los crackers han gustado, aqu\u00ed pongo el croquis. Es la receta de mi abuela, que la guardaba codiciosamente y solo ayer accedi\u00f3 a d\u00e1rmela. Ayer la prob\u00e9 por primera vez. Ingredientes: mantequilla o &hellip;<\/p>\n<p class=\"read-more\"> <a class=\"\" href=\"https:\/\/asfema.org\/blog\/index.php\/crackers-caseros\/\"> <span class=\"screen-reader-text\">crackers caseros<\/span> Read More &raquo;<\/a><\/p>\n","protected":false},"author":2,"featured_media":3134,"comment_status":"open","ping_status":"open","sticky":false,"template":"","format":"standard","meta":{"site-sidebar-layout":"default","site-content-layout":"default","ast-global-header-display":"","ast-banner-title-visibility":"","ast-main-header-display":"","ast-hfb-above-header-display":"","ast-hfb-below-header-display":"","ast-hfb-mobile-header-display":"","site-post-title":"","ast-breadcrumbs-content":"","ast-featured-img":"","footer-sml-layout":"","theme-transparent-header-meta":"","adv-header-id-meta":"","stick-header-meta":"","header-above-stick-meta":"","header-main-stick-meta":"","header-below-stick-meta":"","footnotes":""},"categories":[1],"tags":[],"acf":[],"_links":{"self":[{"href":"https:\/\/asfema.org\/blog\/index.php\/wp-json\/wp\/v2\/posts\/1682"}],"collection":[{"href":"https:\/\/asfema.org\/blog\/index.php\/wp-json\/wp\/v2\/posts"}],"about":[{"href":"https:\/\/asfema.org\/blog\/index.php\/wp-json\/wp\/v2\/types\/post"}],"author":[{"embeddable":true,"href":"https:\/\/asfema.org\/blog\/index.php\/wp-json\/wp\/v2\/users\/2"}],"replies":[{"embeddable":true,"href":"https:\/\/asfema.org\/blog\/index.php\/wp-json\/wp\/v2\/comments?post=1682"}],"version-history":[{"count":1,"href":"https:\/\/asfema.org\/blog\/index.php\/wp-json\/wp\/v2\/posts\/1682\/revisions"}],"predecessor-version":[{"id":3135,"href":"https:\/\/asfema.org\/blog\/index.php\/wp-json\/wp\/v2\/posts\/1682\/revisions\/3135"}],"wp:featuredmedia":[{"embeddable":true,"href":"https:\/\/asfema.org\/blog\/index.php\/wp-json\/wp\/v2\/media\/3134"}],"wp:attachment":[{"href":"https:\/\/asfema.org\/blog\/index.php\/wp-json\/wp\/v2\/media?parent=1682"}],"wp:term":[{"taxonomy":"category","embeddable":true,"href":"https:\/\/asfema.org\/blog\/index.php\/wp-json\/wp\/v2\/categories?post=1682"},{"taxonomy":"post_tag","embeddable":true,"href":"https:\/\/asfema.org\/blog\/index.php\/wp-json\/wp\/v2\/tags?post=1682"}],"curies":[{"name":"wp","href":"https:\/\/api.w.org\/{rel}","templated":true}]}}