{"id":1796,"date":"2015-01-05T12:52:47","date_gmt":"2015-01-05T12:52:47","guid":{"rendered":"https:\/\/asfema.org\/blog\/?p=1796"},"modified":"2017-05-14T09:41:32","modified_gmt":"2017-05-14T09:41:32","slug":"talleres-de-cocina-con-aline-leonardo","status":"publish","type":"post","link":"https:\/\/asfema.org\/blog\/index.php\/talleres-de-cocina-con-aline-leonardo\/","title":{"rendered":"Talleres de cocina con Aline Leonardo"},"content":{"rendered":"<p>Uno de nuestros prop\u00f3sitos para el a\u00f1o nuevo es llevar a cabo actividades que nos ayuden a llevar mejor la dieta restringida en prote\u00ednas, haci\u00e9ndola m\u00e1s f\u00e1cil, m\u00e1s variada y m\u00e1s sabrosa. Por eso, tenemos el placer de invitaros a participar en un proyecto en el que aprenderemos recetas nuevas, trucos de cocina, y contaremos con ayuda de una profesional de cocina, Aline Leonardo.<br \/>\n<a href=\"http:\/\/www.alimentacion-vigilada.info\/\">Aqu\u00ed pod\u00e9is ver su p\u00e1gina<\/a> y conocerla un poco.<\/p>\n<p><span style=\"color: #000000;\"><b>La primera fase del proyecto durar\u00e1 de enero a marzo. Invitamos a todos los familiares de menores (\u00a1y si no lo eres, pero te interesa participar, no dudes de contactar!) a participar en tres talleres (uno al mes)\u00a0que se celebrar\u00e1n \u00a0un d\u00eda de fin de semana en el local de la asociaci\u00f3n. El primer taller tendr\u00e1 lugar el pr\u00f3ximo s\u00e1bado 24 de enero a partir de las 10.30<\/b><\/span><\/p>\n<p>Para llevar cuenta de los participantes y saber la utilidad de esta actividad, rogamos que os inscrib\u00e1is en el taller contact\u00e1ndonos por email (contacto@asfema.org)\u00a0. El taller est\u00e1 dirigido en principio a los padres de menores afectados, pero si tienes inter\u00e9s en atender, no dudes de escribirnos tambi\u00e9n.<\/p>\n<p>Esperamos disfrutar juntos de esta actividad.<\/p>\n","protected":false},"excerpt":{"rendered":"<p>Uno de nuestros prop\u00f3sitos para el a\u00f1o nuevo es llevar a cabo actividades que nos ayuden a llevar mejor la dieta restringida en prote\u00ednas, haci\u00e9ndola m\u00e1s f\u00e1cil, m\u00e1s variada y m\u00e1s sabrosa. Por eso, tenemos el placer de invitaros a participar en un proyecto en el que aprenderemos recetas nuevas, trucos de cocina, y contaremos &hellip;<\/p>\n<p class=\"read-more\"> <a class=\"\" href=\"https:\/\/asfema.org\/blog\/index.php\/talleres-de-cocina-con-aline-leonardo\/\"> <span class=\"screen-reader-text\">Talleres de cocina con Aline Leonardo<\/span> Read More &raquo;<\/a><\/p>\n","protected":false},"author":2,"featured_media":3129,"comment_status":"open","ping_status":"open","sticky":false,"template":"","format":"standard","meta":{"site-sidebar-layout":"default","site-content-layout":"default","ast-global-header-display":"","ast-banner-title-visibility":"","ast-main-header-display":"","ast-hfb-above-header-display":"","ast-hfb-below-header-display":"","ast-hfb-mobile-header-display":"","site-post-title":"","ast-breadcrumbs-content":"","ast-featured-img":"","footer-sml-layout":"","theme-transparent-header-meta":"","adv-header-id-meta":"","stick-header-meta":"","header-above-stick-meta":"","header-main-stick-meta":"","header-below-stick-meta":"","footnotes":""},"categories":[31,200,19,1],"tags":[],"acf":[],"_links":{"self":[{"href":"https:\/\/asfema.org\/blog\/index.php\/wp-json\/wp\/v2\/posts\/1796"}],"collection":[{"href":"https:\/\/asfema.org\/blog\/index.php\/wp-json\/wp\/v2\/posts"}],"about":[{"href":"https:\/\/asfema.org\/blog\/index.php\/wp-json\/wp\/v2\/types\/post"}],"author":[{"embeddable":true,"href":"https:\/\/asfema.org\/blog\/index.php\/wp-json\/wp\/v2\/users\/2"}],"replies":[{"embeddable":true,"href":"https:\/\/asfema.org\/blog\/index.php\/wp-json\/wp\/v2\/comments?post=1796"}],"version-history":[{"count":1,"href":"https:\/\/asfema.org\/blog\/index.php\/wp-json\/wp\/v2\/posts\/1796\/revisions"}],"predecessor-version":[{"id":3130,"href":"https:\/\/asfema.org\/blog\/index.php\/wp-json\/wp\/v2\/posts\/1796\/revisions\/3130"}],"wp:featuredmedia":[{"embeddable":true,"href":"https:\/\/asfema.org\/blog\/index.php\/wp-json\/wp\/v2\/media\/3129"}],"wp:attachment":[{"href":"https:\/\/asfema.org\/blog\/index.php\/wp-json\/wp\/v2\/media?parent=1796"}],"wp:term":[{"taxonomy":"category","embeddable":true,"href":"https:\/\/asfema.org\/blog\/index.php\/wp-json\/wp\/v2\/categories?post=1796"},{"taxonomy":"post_tag","embeddable":true,"href":"https:\/\/asfema.org\/blog\/index.php\/wp-json\/wp\/v2\/tags?post=1796"}],"curies":[{"name":"wp","href":"https:\/\/api.w.org\/{rel}","templated":true}]}}