{"id":1837,"date":"2015-01-27T09:03:15","date_gmt":"2015-01-27T09:03:15","guid":{"rendered":"https:\/\/asfema.org\/blog\/?p=1837"},"modified":"2017-05-14T09:00:17","modified_gmt":"2017-05-14T09:00:17","slug":"cinco-minutos-con-aline","status":"publish","type":"post","link":"https:\/\/asfema.org\/blog\/index.php\/cinco-minutos-con-aline\/","title":{"rendered":"Cinco minutos con Aline"},"content":{"rendered":"<p>&nbsp;<\/p>\n<p>Tras el \u00faltimo taller he pedido a Aline que conteste a algunas preguntas para que la conozcamos un poquito.<\/p>\n<p><a href=\"https:\/\/asfema.org\/blog\/wp-content\/uploads\/2015\/01\/IMG_0543.jpg\"><img decoding=\"async\" loading=\"lazy\" class=\"alignleft size-full wp-image-1842\" src=\"https:\/\/asfema.org\/blog\/wp-content\/uploads\/2015\/01\/IMG_0543.jpg\" alt=\"IMG_0543\" width=\"117\" height=\"144\" \/><\/a><a href=\"https:\/\/asfema.org\/blog\/wp-content\/uploads\/2015\/01\/IMG_0543.jpg\"><br \/>\n<\/a><strong>\u00bfPor qu\u00e9 has decidido a dedicarte a las dietas controladas?\u00a0<\/strong><\/p>\n<p>Siempre me ha gustado el tema de la nutrici\u00f3n y a pesar de que no me gustaba comer cuando era ni\u00f1a, siempre me llam\u00f3 la atenci\u00f3n el hecho de que tengamos que hacerlo para poder seguir viviendo. Parece algo obvio \u00bfverdad? Pero no lo es tanto cuando lo indagas a fondo el asunto y fue ah\u00ed cuando me encontr\u00e9 con que a veces tienes que <strong>no comer<\/strong>\u00a0ciertas cosas, para seguir viviendo y desde entonces me dedico a las dietas controladas, ya que sin duda alguna son mucho m\u00e1s interesantes que la nutrici\u00f3n convencional o al menos esto me parece.<\/p>\n<p><strong>\u00bfTe resulta dif\u00edcil elaborar platos nuevos para dietas restringidas en prote\u00edna?<\/strong><\/p>\n<p>Claro que s\u00ed, todas las dietas restringidas, son dif\u00edciles de elaborar ya sea baja en prote\u00edna, baja en az\u00facar, libre de gluten, etc. Ten en cuenta que hay muchos alimentos casi imprescindibles en la cocina, para muchos chefs, que en muchos casos no podr\u00e1n ser utilizados en una dieta restringida.<\/p>\n<p>Siempre digo que, <em>no es igual correr con las dos piernas sanas, a tener que correr con la ayuda de una muleta y medio cojo<\/em>. Pues lo mismo pasa en este tipo de cocina.<\/p>\n<p><strong>\u00a0\u00bfHay algo en particular que te resulte especialmente dif\u00edcil? \u00a0<\/strong><\/p>\n<p>S\u00ed, todos los productos panificables son harto dif\u00edciles de preparar. Sin embargo, tengo muchas recetas de panes y bollos que me quedan muy bien. Espero tener la oportunidad de ense\u00f1aros.<\/p>\n<p><strong>\u00bfTienes alg\u00fan producto preferido para emplearlo en tus recetas?\u00a0<\/strong><\/p>\n<p>No es que sea el preferido, pero s\u00ed lo empleo en muchas recetas baja en prote\u00edna. Es el agar-agar<\/p>\n<p><strong>\u00bfC\u00f3mo crees que se debe llevar una dieta variada en este tipo de patolog\u00edas?\u00a0<\/strong><\/p>\n<p>Como suelen decir: \u201c<em>no hay mal que por bien no venga\u201d. <\/em>No pretendo ser cruel recordando este refr\u00e1n. Simplemente quiero decir \u00a0que cuando se tiene un problema de salud de este calibre hay que mirar por el lado bueno. Simplemente porque no queda otra opci\u00f3n, ya que lamentarse no es la soluci\u00f3n. As\u00ed que, aprendamos a sacar provecho de las frutas y verduras que nos hace mucha falta ya que muchos j\u00f3venes ni siquiera la catan. Pero si uno est\u00e1 harto de comer siempre las mismas frutas y verduras, un d\u00eda tras otro, entonces pong\u00e1monos a aprender a cocinar bajo en prote\u00edna, puesto que el saber no ocupa lugar y vendr\u00e1, a todos sin excepci\u00f3n, como anillo al dedo.<\/p>\n<p>&nbsp;<\/p>\n<p>&nbsp;<\/p>\n","protected":false},"excerpt":{"rendered":"<p>&nbsp; Tras el \u00faltimo taller he pedido a Aline que conteste a algunas preguntas para que la conozcamos un poquito. \u00bfPor qu\u00e9 has decidido a dedicarte a las dietas controladas?\u00a0 Siempre me ha gustado el tema de la nutrici\u00f3n y a pesar de que no me gustaba comer cuando era ni\u00f1a, siempre me llam\u00f3 la &hellip;<\/p>\n<p class=\"read-more\"> <a class=\"\" href=\"https:\/\/asfema.org\/blog\/index.php\/cinco-minutos-con-aline\/\"> <span class=\"screen-reader-text\">Cinco minutos con Aline<\/span> Read More &raquo;<\/a><\/p>\n","protected":false},"author":2,"featured_media":1842,"comment_status":"open","ping_status":"open","sticky":false,"template":"","format":"standard","meta":{"site-sidebar-layout":"default","site-content-layout":"default","ast-global-header-display":"","ast-banner-title-visibility":"","ast-main-header-display":"","ast-hfb-above-header-display":"","ast-hfb-below-header-display":"","ast-hfb-mobile-header-display":"","site-post-title":"","ast-breadcrumbs-content":"","ast-featured-img":"","footer-sml-layout":"","theme-transparent-header-meta":"","adv-header-id-meta":"","stick-header-meta":"","header-above-stick-meta":"","header-main-stick-meta":"","header-below-stick-meta":"","footnotes":""},"categories":[200,73,5],"tags":[],"acf":[],"_links":{"self":[{"href":"https:\/\/asfema.org\/blog\/index.php\/wp-json\/wp\/v2\/posts\/1837"}],"collection":[{"href":"https:\/\/asfema.org\/blog\/index.php\/wp-json\/wp\/v2\/posts"}],"about":[{"href":"https:\/\/asfema.org\/blog\/index.php\/wp-json\/wp\/v2\/types\/post"}],"author":[{"embeddable":true,"href":"https:\/\/asfema.org\/blog\/index.php\/wp-json\/wp\/v2\/users\/2"}],"replies":[{"embeddable":true,"href":"https:\/\/asfema.org\/blog\/index.php\/wp-json\/wp\/v2\/comments?post=1837"}],"version-history":[{"count":1,"href":"https:\/\/asfema.org\/blog\/index.php\/wp-json\/wp\/v2\/posts\/1837\/revisions"}],"predecessor-version":[{"id":3111,"href":"https:\/\/asfema.org\/blog\/index.php\/wp-json\/wp\/v2\/posts\/1837\/revisions\/3111"}],"wp:featuredmedia":[{"embeddable":true,"href":"https:\/\/asfema.org\/blog\/index.php\/wp-json\/wp\/v2\/media\/1842"}],"wp:attachment":[{"href":"https:\/\/asfema.org\/blog\/index.php\/wp-json\/wp\/v2\/media?parent=1837"}],"wp:term":[{"taxonomy":"category","embeddable":true,"href":"https:\/\/asfema.org\/blog\/index.php\/wp-json\/wp\/v2\/categories?post=1837"},{"taxonomy":"post_tag","embeddable":true,"href":"https:\/\/asfema.org\/blog\/index.php\/wp-json\/wp\/v2\/tags?post=1837"}],"curies":[{"name":"wp","href":"https:\/\/api.w.org\/{rel}","templated":true}]}}