{"id":194,"date":"2012-01-31T09:43:23","date_gmt":"2012-01-31T09:43:23","guid":{"rendered":"https:\/\/asfema.org\/blog\/?p=194"},"modified":"2017-05-14T08:21:28","modified_gmt":"2017-05-14T08:21:28","slug":"ya-puedes-inscribirte-en-la-iii-carrera-por-la-esperanza-de-las-er","status":"publish","type":"post","link":"https:\/\/asfema.org\/blog\/index.php\/ya-puedes-inscribirte-en-la-iii-carrera-por-la-esperanza-de-las-er\/","title":{"rendered":"Ya puedes inscribirte en la III Carrera por la Esperanza de las ER"},"content":{"rendered":"<div>\n<h2>Informaci\u00f3n sacada de la WEB: http:\/\/www.enfermedades-raras.org<\/h2>\n<div><\/div>\n<\/div>\n<p><a href=\"http:\/\/www.deporticket.com\/DetalleEvento.aspx?evento=40\" target=\"_blank\" rel=\"noopener noreferrer\">Inscr\u00edbet\u00e9 a la Carrera Solidaria a trav\u00e9s de este link<\/a><\/p>\n<p>Estimados amigos:<\/p>\n<p><img decoding=\"async\" loading=\"lazy\" src=\"http:\/\/www.enfermedades-raras.org\/images\/stories\/Fotos_Noticias\/Carrera_por_la_Esperanza_web.jpg\" alt=\"Carrera_por_la_Esperanza_web\" width=\"149\" height=\"160\" \/><br \/>\nTenemos la gran alegr\u00eda de comunicaros que <strong>YA OS POD\u00c9IS INSCRIBIR A LA III CARRERA POR LA ESPERANZA DE LAS FAMILIAS CON ENFERMEDADES RARAS<\/strong>.<\/p>\n<p>De nuevo, este a\u00f1o FEDER en colaboraci\u00f3n con Shire, Grupo D\u00eda y KIA celebran el mayor acto de movilizaci\u00f3n por la visibilidad de las patolog\u00edas poco frecuentes. En el marco del D\u00eda Mundial de las Enfermedades Raras (ER)\u00a0que se celebrar\u00e1 en febrero, la federaci\u00f3n lanza la tercera edici\u00f3n de una carrera popular que tiene como objetivo aglutinar a grandes y peque\u00f1os a favor de la esperanza de las personas con ER.<\/p>\n<p>Con la Casa de Campo como tel\u00f3n de fondo, todas las personas solidarias e interesadas en el \u201crunning\u201d tienen una cita el pr\u00f3ximo 4 de marzo a las 11.00 horas. Porque: No pod\u00e9is faltar. Vosotros sois la esperanza de las familias con ER.<\/p>\n<p>Adem\u00e1s, este a\u00f1o contamos con una importante novedad. <strong>El entrenador de la Selecci\u00f3n Nacional de F\u00fatbol, Vicente del Bosque es el embajador solidario de la causa <\/strong>y la imagen de la carrera. Su fuerza, esp\u00edritu de lucha, capacidad de superaci\u00f3n y su calidad humana, hacen que sea la persona ideal para promocionar esta carrera solidaria.<\/p>\n<p>Con un precio simb\u00f3lico de 6 euros, todo el mundo que desee puede participar. La Carrera pretende ser un punto de encuentro de amigos, familias, asociaciones, corredores, instituciones, empresas, fundaciones\u2026Todos unidos por una causa<\/p>\n<p>Tan solo debes inscribirte a trav\u00e9s de este enlace. De esta forma, queremos repetir el \u00e9xito del a\u00f1o pasado que congreg\u00f3 a m\u00e1s de 3.000 personas en la Casa de Campo.<\/p>\n<p>Adem\u00e1s, este a\u00f1o los ni\u00f1os tambi\u00e9n pueden participar en la pequecarrera que tendr\u00e1 una distancia de 700 metros. La inscripci\u00f3n cuesta 3 euros con camiseta y medalla de regalo.<strong>Y\u00a0para todos aquellos que quieran colaborar, pero prefieran no correr, FEDER ha habilitado una Fila 0 solidaria. <\/strong><\/p>\n<p>Adem\u00e1s, para amenizar la jornada se celebrar\u00e1n cuenta cuentos y diversas actuaciones l\u00fadicas que adem\u00e1s, har\u00e1n las delicias de grandes y peque\u00f1os<\/p>\n<p><strong>Informaci\u00f3n general de la Carrera<\/strong><\/p>\n<p>Cu\u00e1ndo: Domingo 4 de marzo 2012<br \/>\nD\u00f3nde: Salida desde Casa de Campo de Madrid (Junto al Metro Lago) a las 11h.<br \/>\nRecorrido: 5 kil\u00f3metros (mayores de 14 a\u00f1os) 700 m (carreras infantiles)<br \/>\nInscripci\u00f3n: 6\u20ac (mayores de 14 a\u00f1os) y 3\u20ac (carreras infantiles) con regalo de camiseta conmemorativa<br \/>\nInscripci\u00f3n solidaria: Fila 0<br \/>\nRECOGIDA DE DORSALES: En la Tienda Solidaria Mi desvan.org CC Alcal\u00e1 Norte C\/ Alcal\u00e1 414. Los d\u00edas 2 y 3 de marzo<\/p>\n<p>&nbsp;<\/p>\n<p><a href=\"http:\/\/www.deporticket.com\/DetalleEvento.aspx?evento=40\" target=\"_blank\" rel=\"noopener noreferrer\">Inscr\u00edbet\u00e9 a la Carrera Solidaria a trav\u00e9s de este link<\/a><\/p>\n<p>&nbsp;<\/p>\n<p>M\u00e1s informaci\u00f3n e inscripciones en <a href=\"http:\/\/www.enfermedades-raras.org\/undefined\/\">www.enfermedades-raras.org<\/a> y <a href=\"http:\/\/www.admarathon.es\/\">www.admarathon.es<\/a><\/p>\n<p>Para cualquier duda o informaci\u00f3n pod\u00e9is escribir al correo <a href=\"mailto:incidencias.carrerafeder@gmail.com\">incidencias.carrerafeder@gmail.com<\/a><\/p>\n<p><strong>Acto de movilizaci\u00f3n nacional del D\u00eda Mundial de las Enfermedades Raras<\/strong><\/p>\n<p>La Federaci\u00f3n Espa\u00f1ola de Enfermedades Raras (FEDER) comienza as\u00ed su nueva Campa\u00f1a de sensibilizaci\u00f3n en 2012. Durante todo el mes de febrero, y con el objetivo de celebrar este d\u00eda por la esperanza de las personas con enfermedades poco frecuentes, asociaciones de enfermedades raras de toda Espa\u00f1a, empresas solidarias, organizaciones, fundaciones e instituciones realizar\u00e1n actos de informaci\u00f3n y divulgaci\u00f3n.<\/p>\n<p>Conferencias, actos p\u00fablicos, actividades l\u00fadicas, congresos, talleres, etc\u2026copar\u00e1n durante todo el mes de febrero las calles de las 17 comunidades aut\u00f3nomas espa\u00f1olas con un objetivo principal: sacar de la invisibilidad a 3 millones de personas con patolog\u00edas poco frecuentes que se sienten desamparadas, aisladas y desprotegidas.<\/p>\n<p><a href=\"http:\/\/www.deporticket.com\/DetalleEvento.aspx?evento=40\" target=\"_blank\" rel=\"noopener noreferrer\">Inscr\u00edbet\u00e9 a la Carrera Solidaria a trav\u00e9s de este link<\/a><\/p>\n<p><a href=\"http:\/\/www.enfermedades-raras.org\/images\/stories\/Dia_Mundial\/feder_carrera_cartel_FINAL.pdf\" target=\"_blank\" rel=\"noopener noreferrer\">DESC\u00c1RGATE EL CARTEL DE LA CARRERA Y DIF\u00daNDELO<\/a><\/p>\n<p>DESC\u00c1RGATE EL MATERIAL PARA PRENSA<\/p>\n<p><a href=\"http:\/\/www.enfermedades-raras.org\/images\/stories\/mediapgina249x180_AF.pdf\" target=\"_blank\" rel=\"noopener noreferrer\">MEDIA P\u00c1GINA<\/a><\/p>\n<p><a href=\"http:\/\/www.enfermedades-raras.org\/images\/stories\/pgina369x249_AF.pdf\" target=\"_blank\" rel=\"noopener noreferrer\">P\u00c1GINA ENTERA<\/a><\/p>\n<p><a href=\"http:\/\/www.enfermedades-raras.org\/images\/stories\/faldon_249x87_AF.pdf\" target=\"_blank\" rel=\"noopener noreferrer\">FALD\u00d3N<\/a><\/p>\n<p>&nbsp;<\/p>\n","protected":false},"excerpt":{"rendered":"<p>Informaci\u00f3n sacada de la WEB: http:\/\/www.enfermedades-raras.org Inscr\u00edbet\u00e9 a la Carrera Solidaria a trav\u00e9s de este link Estimados amigos: Tenemos la gran alegr\u00eda de comunicaros que YA OS POD\u00c9IS INSCRIBIR A LA III CARRERA POR LA ESPERANZA DE LAS FAMILIAS CON ENFERMEDADES RARAS. De nuevo, este a\u00f1o FEDER en colaboraci\u00f3n con Shire, Grupo D\u00eda y KIA &hellip;<\/p>\n<p class=\"read-more\"> <a class=\"\" href=\"https:\/\/asfema.org\/blog\/index.php\/ya-puedes-inscribirte-en-la-iii-carrera-por-la-esperanza-de-las-er\/\"> <span class=\"screen-reader-text\">Ya puedes inscribirte en la III Carrera por la Esperanza de las ER<\/span> Read More &raquo;<\/a><\/p>\n","protected":false},"author":3,"featured_media":3083,"comment_status":"open","ping_status":"open","sticky":false,"template":"","format":"standard","meta":{"site-sidebar-layout":"default","site-content-layout":"default","ast-global-header-display":"","ast-banner-title-visibility":"","ast-main-header-display":"","ast-hfb-above-header-display":"","ast-hfb-below-header-display":"","ast-hfb-mobile-header-display":"","site-post-title":"","ast-breadcrumbs-content":"","ast-featured-img":"","footer-sml-layout":"","theme-transparent-header-meta":"","adv-header-id-meta":"","stick-header-meta":"","header-above-stick-meta":"","header-main-stick-meta":"","header-below-stick-meta":"","footnotes":""},"categories":[31,332],"tags":[32,34,33,35],"acf":[],"_links":{"self":[{"href":"https:\/\/asfema.org\/blog\/index.php\/wp-json\/wp\/v2\/posts\/194"}],"collection":[{"href":"https:\/\/asfema.org\/blog\/index.php\/wp-json\/wp\/v2\/posts"}],"about":[{"href":"https:\/\/asfema.org\/blog\/index.php\/wp-json\/wp\/v2\/types\/post"}],"author":[{"embeddable":true,"href":"https:\/\/asfema.org\/blog\/index.php\/wp-json\/wp\/v2\/users\/3"}],"replies":[{"embeddable":true,"href":"https:\/\/asfema.org\/blog\/index.php\/wp-json\/wp\/v2\/comments?post=194"}],"version-history":[{"count":1,"href":"https:\/\/asfema.org\/blog\/index.php\/wp-json\/wp\/v2\/posts\/194\/revisions"}],"predecessor-version":[{"id":3084,"href":"https:\/\/asfema.org\/blog\/index.php\/wp-json\/wp\/v2\/posts\/194\/revisions\/3084"}],"wp:featuredmedia":[{"embeddable":true,"href":"https:\/\/asfema.org\/blog\/index.php\/wp-json\/wp\/v2\/media\/3083"}],"wp:attachment":[{"href":"https:\/\/asfema.org\/blog\/index.php\/wp-json\/wp\/v2\/media?parent=194"}],"wp:term":[{"taxonomy":"category","embeddable":true,"href":"https:\/\/asfema.org\/blog\/index.php\/wp-json\/wp\/v2\/categories?post=194"},{"taxonomy":"post_tag","embeddable":true,"href":"https:\/\/asfema.org\/blog\/index.php\/wp-json\/wp\/v2\/tags?post=194"}],"curies":[{"name":"wp","href":"https:\/\/api.w.org\/{rel}","templated":true}]}}