{"id":2006,"date":"2015-03-09T21:39:26","date_gmt":"2015-03-09T21:39:26","guid":{"rendered":"https:\/\/asfema.org\/blog\/?p=2006"},"modified":"2015-03-09T22:28:01","modified_gmt":"2015-03-09T22:28:01","slug":"feder-organiza-la-vi-carrera-por-la-esperanza","status":"publish","type":"post","link":"https:\/\/asfema.org\/blog\/index.php\/feder-organiza-la-vi-carrera-por-la-esperanza\/","title":{"rendered":"FEDER organiza la VI Carrera por la Esperanza"},"content":{"rendered":"<p>&#8230; Y ASFEMA quiere\u00a0ser parte de este evento.<br \/>\nLa carrera tendr\u00e1 lugar el pr\u00f3ximo domingo 15 de marzo en su sitio habitual, en la madrile\u00f1a Casa de Campo. Empieza a las 11 horas y tiene modalidad de Adultos (de 5 km) y de Ni\u00f1os (700 m). La inscripci\u00f3n son 10 euros y 3 Euros respectivamente. Puedes leer m\u00e1s en el <a href=\"http:\/\/www.enfermedades-raras.org\/index.php?option=com_content&amp;view=article&amp;id=3363\">art\u00edculo de la p\u00e1gina de FEDER<\/a><\/p>\n<p>Este a\u00f1o correran nuestros socios m\u00e1s atl\u00e9ticos, mientras que los menos deportistas estaremos all\u00ed para apoyarlos y vitorearlos, pero tambi\u00e9n para aprovechar la ocasi\u00f3n y promocionar nuestra asociaci\u00f3n. Por eso, si tienes ganas de participar, bien como corredor, bien como voluntario en el\u00a0<em>stand<\/em>, \u00a1no dudes en contactarnos! Estaremos proporcionando informaci\u00f3n sobre nuestra asociaci\u00f3n y enfermedades raras metab\u00f3licas, distribuiremos folletos, publicitaremos nuestra ciclomarcha y venderemos algunas camisetas.<\/p>\n<p>Si quieres ser parte de este equipo, escr\u00edbenos.<\/p>\n","protected":false},"excerpt":{"rendered":"<p>&#8230; Y ASFEMA quiere\u00a0ser parte de este evento. La carrera tendr\u00e1 lugar el pr\u00f3ximo domingo 15 de marzo en su sitio habitual, en la madrile\u00f1a Casa de Campo. Empieza a las 11 horas y tiene modalidad de Adultos (de 5 km) y de Ni\u00f1os (700 m). La inscripci\u00f3n son 10 euros y 3 Euros respectivamente. &hellip;<\/p>\n<p class=\"read-more\"> <a class=\"\" href=\"https:\/\/asfema.org\/blog\/index.php\/feder-organiza-la-vi-carrera-por-la-esperanza\/\"> <span class=\"screen-reader-text\">FEDER organiza la VI Carrera por la Esperanza<\/span> Read More &raquo;<\/a><\/p>\n","protected":false},"author":2,"featured_media":0,"comment_status":"open","ping_status":"open","sticky":false,"template":"","format":"standard","meta":{"site-sidebar-layout":"default","site-content-layout":"default","ast-global-header-display":"","ast-banner-title-visibility":"","ast-main-header-display":"","ast-hfb-above-header-display":"","ast-hfb-below-header-display":"","ast-hfb-mobile-header-display":"","site-post-title":"","ast-breadcrumbs-content":"","ast-featured-img":"","footer-sml-layout":"","theme-transparent-header-meta":"","adv-header-id-meta":"","stick-header-meta":"","header-above-stick-meta":"","header-main-stick-meta":"","header-below-stick-meta":"","footnotes":""},"categories":[31],"tags":[34,35],"acf":[],"_links":{"self":[{"href":"https:\/\/asfema.org\/blog\/index.php\/wp-json\/wp\/v2\/posts\/2006"}],"collection":[{"href":"https:\/\/asfema.org\/blog\/index.php\/wp-json\/wp\/v2\/posts"}],"about":[{"href":"https:\/\/asfema.org\/blog\/index.php\/wp-json\/wp\/v2\/types\/post"}],"author":[{"embeddable":true,"href":"https:\/\/asfema.org\/blog\/index.php\/wp-json\/wp\/v2\/users\/2"}],"replies":[{"embeddable":true,"href":"https:\/\/asfema.org\/blog\/index.php\/wp-json\/wp\/v2\/comments?post=2006"}],"version-history":[{"count":2,"href":"https:\/\/asfema.org\/blog\/index.php\/wp-json\/wp\/v2\/posts\/2006\/revisions"}],"predecessor-version":[{"id":2016,"href":"https:\/\/asfema.org\/blog\/index.php\/wp-json\/wp\/v2\/posts\/2006\/revisions\/2016"}],"wp:attachment":[{"href":"https:\/\/asfema.org\/blog\/index.php\/wp-json\/wp\/v2\/media?parent=2006"}],"wp:term":[{"taxonomy":"category","embeddable":true,"href":"https:\/\/asfema.org\/blog\/index.php\/wp-json\/wp\/v2\/categories?post=2006"},{"taxonomy":"post_tag","embeddable":true,"href":"https:\/\/asfema.org\/blog\/index.php\/wp-json\/wp\/v2\/tags?post=2006"}],"curies":[{"name":"wp","href":"https:\/\/api.w.org\/{rel}","templated":true}]}}