{"id":2059,"date":"2015-04-08T06:28:08","date_gmt":"2015-04-08T06:28:08","guid":{"rendered":"https:\/\/asfema.org\/blog\/?p=2059"},"modified":"2017-05-14T10:12:20","modified_gmt":"2017-05-14T10:12:20","slug":"con-ciclomarcha-a-la-espalda","status":"publish","type":"post","link":"https:\/\/asfema.org\/blog\/index.php\/con-ciclomarcha-a-la-espalda\/","title":{"rendered":"Con Ciclomarcha por delante&#8230;"},"content":{"rendered":"<p><strong>Por Pedro Gonz\u00e1lez, organizador de la ciclomarcha.\u00a0<\/strong><br \/>\nDesde ASFEMA (Asociaci\u00f3n de Fenilceton\u00faricos y Otros Trastornos Metab\u00f3licos de Madrid) os queremos hacer part\u00edcipes de nuestra tercera ciclomarcha.<br \/>\nYa hemos com<span class=\"text_exposed_show\">enzado con todos los preparativos para su organizaci\u00f3n,ardua tarea,que esperamos que como en a\u00f1os<br \/>\nanteriores,tenga su recompensa. Ya sab\u00e9is que todos los beneficios van destinados, \u00edntegramente, a nuestra asociaci\u00f3n,en su mayor\u00eda para subvencionar alimentos,gastos de local, talleres y terapias, ayudas muy necesarias para todos los afectados.<\/span><\/p>\n<div class=\"text_exposed_show\">\n<p>En los dos a\u00f1os anteriores,hemos sido beneficiarios directos de la solidaridad de EL tiemblo y de mucha gente que<br \/>\nviene de fuera ese d\u00eda, para darnos su apoyo econ\u00f3mico, moral y no menos importante, a ayudarnos en todo lo necesario<br \/>\npara la organizaci\u00f3n del evento y que todo salga bien.<br \/>\nAdem\u00e1s de daros las gracias,tambi\u00e9n queremos que ese d\u00eda lo pas\u00e9is bien y para ello contamos con juegos para ni\u00f1os, que estar\u00e1n supervisados en todo momento por monitores de Cruz Roja. Para todos aquellos a los que no se nos d\u00e1 muy bien la bici,para ponernos en marcha,empezaremos con una clase de aerobic,guiada por Ricardo Sim\u00f3n.Ya puestos en movimiento seguiremos con la magia de Montty y para que la fiesta no decaiga, nada mejor que seguir bailando al ritmo de &#8220;Guisando Rumba&#8221; y Diego Cruz.<br \/>\nA la llegada de nuestros corredores,despu\u00e9s de que repongan fuerzas en el avituallamiento, llega la entrega de trofeos y el sorteo de regalos para todos ellos,con nuestro sincero agradecimiento. A continuaci\u00f3n,para todos los asistentes se har\u00e1 la rifa de nuestro magnifico lote de productos ib\u00e9ricos ,en la que podr\u00e1s participar comprando tu papeleta por solo 1 euro,que ya est\u00e1n a la venta.<br \/>\nGracias al Ayuntamiento de El Tiemblo,Cruz Roja,Protecci\u00f3n Civil y Club Deportivo El Tiemblo BTT,por su gran apoyo y ayuda. Agradecer tambi\u00e9n la inestimable colaboraci\u00f3n de Angel Arroyo,Carlos Sastre,David Navas,Pablo Lastras,Paco Mancebo y<br \/>\nMarcos Garc\u00eda,que dan prestigio a nuestra carrera y que hacen que para cualquier amante de la bici,seas un placer rodar a su lado y por una buena causa.<br \/>\nA todos los peque\u00f1os empresarios (bares,tiendas) y particulares an\u00f3nimos que colaboran tanto con g\u00e9nero,como<br \/>\necon\u00f3micamente,gracias.<br \/>\nPor \u00faltimo no podemos olvidarnos de agradecer a todos esos amigos voluntarios que nos ayudan en la preparaci\u00f3n de ese d\u00eda,para que todo salga bien y que hacen ese trabajo tan importante como es se\u00f1alizar todo el recorrido,ayudarnos a dirigir el tr\u00e1fico durante toda la carrera,preparar nuestros avituallamientos,hacer los bocadillos,etc.<br \/>\n\u00a1\u00a1\u00a1\u00a1GRACIAS A TODOS Y OS ESPERAMOS EL D\u00cdA 26 DE ABRIL PARA PASAR JUNTOS UN BUEN D\u00cdA!!!!<\/p>\n<\/div>\n","protected":false},"excerpt":{"rendered":"<p>Por Pedro Gonz\u00e1lez, organizador de la ciclomarcha.\u00a0 Desde ASFEMA (Asociaci\u00f3n de Fenilceton\u00faricos y Otros Trastornos Metab\u00f3licos de Madrid) os queremos hacer part\u00edcipes de nuestra tercera ciclomarcha. Ya hemos comenzado con todos los preparativos para su organizaci\u00f3n,ardua tarea,que esperamos que como en a\u00f1os anteriores,tenga su recompensa. Ya sab\u00e9is que todos los beneficios van destinados, \u00edntegramente, a &hellip;<\/p>\n<p class=\"read-more\"> <a class=\"\" href=\"https:\/\/asfema.org\/blog\/index.php\/con-ciclomarcha-a-la-espalda\/\"> <span class=\"screen-reader-text\">Con Ciclomarcha por delante&#8230;<\/span> Read More &raquo;<\/a><\/p>\n","protected":false},"author":2,"featured_media":1917,"comment_status":"open","ping_status":"open","sticky":false,"template":"","format":"standard","meta":{"site-sidebar-layout":"default","site-content-layout":"default","ast-global-header-display":"","ast-banner-title-visibility":"","ast-main-header-display":"","ast-hfb-above-header-display":"","ast-hfb-below-header-display":"","ast-hfb-mobile-header-display":"","site-post-title":"","ast-breadcrumbs-content":"","ast-featured-img":"","footer-sml-layout":"","theme-transparent-header-meta":"","adv-header-id-meta":"","stick-header-meta":"","header-above-stick-meta":"","header-main-stick-meta":"","header-below-stick-meta":"","footnotes":""},"categories":[31,202,5],"tags":[],"acf":[],"_links":{"self":[{"href":"https:\/\/asfema.org\/blog\/index.php\/wp-json\/wp\/v2\/posts\/2059"}],"collection":[{"href":"https:\/\/asfema.org\/blog\/index.php\/wp-json\/wp\/v2\/posts"}],"about":[{"href":"https:\/\/asfema.org\/blog\/index.php\/wp-json\/wp\/v2\/types\/post"}],"author":[{"embeddable":true,"href":"https:\/\/asfema.org\/blog\/index.php\/wp-json\/wp\/v2\/users\/2"}],"replies":[{"embeddable":true,"href":"https:\/\/asfema.org\/blog\/index.php\/wp-json\/wp\/v2\/comments?post=2059"}],"version-history":[{"count":3,"href":"https:\/\/asfema.org\/blog\/index.php\/wp-json\/wp\/v2\/posts\/2059\/revisions"}],"predecessor-version":[{"id":2067,"href":"https:\/\/asfema.org\/blog\/index.php\/wp-json\/wp\/v2\/posts\/2059\/revisions\/2067"}],"wp:featuredmedia":[{"embeddable":true,"href":"https:\/\/asfema.org\/blog\/index.php\/wp-json\/wp\/v2\/media\/1917"}],"wp:attachment":[{"href":"https:\/\/asfema.org\/blog\/index.php\/wp-json\/wp\/v2\/media?parent=2059"}],"wp:term":[{"taxonomy":"category","embeddable":true,"href":"https:\/\/asfema.org\/blog\/index.php\/wp-json\/wp\/v2\/categories?post=2059"},{"taxonomy":"post_tag","embeddable":true,"href":"https:\/\/asfema.org\/blog\/index.php\/wp-json\/wp\/v2\/tags?post=2059"}],"curies":[{"name":"wp","href":"https:\/\/api.w.org\/{rel}","templated":true}]}}