{"id":206,"date":"2012-02-03T12:32:50","date_gmt":"2012-02-03T12:32:50","guid":{"rendered":"https:\/\/asfema.org\/blog\/?p=206"},"modified":"2017-05-14T12:47:24","modified_gmt":"2017-05-14T12:47:24","slug":"el-impacto-psicologico-en-el-diagnostico-de-un-error-congenito-del-metabolismo","status":"publish","type":"post","link":"https:\/\/asfema.org\/blog\/index.php\/el-impacto-psicologico-en-el-diagnostico-de-un-error-congenito-del-metabolismo\/","title":{"rendered":"El impacto psicol\u00f3gico en el diagn\u00f3stico de un error cong\u00e9nito del metabolismo"},"content":{"rendered":"<p><object width=\"425\" height=\"350\"><param name=\"movie\" value=\"http:\/\/www.youtube.com\/v\/8IDuoqrM8eY#!\" \/><param name=\"wmode\" value=\"transparent\" \/><embed src=\"http:\/\/www.youtube.com\/v\/8IDuoqrM8eY#!\" type=\"application\/x-shockwave-flash\" wmode=\"transparent\" width=\"425\" height=\"350\" \/><\/object><\/p>\n<p>&nbsp;<\/p>\n<p>Algunas pautas generales para padres y afectados cuando nos dicen que nuestro hijo tiene PKU OTM.<\/p>\n<p>Es incre\u00edble lo del &#8220;<strong>duelo sobre el hijo sano<\/strong>&#8220;. Nuestro hijo iba a ser perfecto, y resulta que&#8230;\u00a0Al final todo saldr\u00e1 bien, pero esa fase no nos la quita nadie.<\/p>\n<p><a href=\"http:\/\/www.youtube.com\/watch?feature=player_embedded&amp;v=8IDuoqrM8eY#!\">El impacto psicol\u00f3gico en el diagn\u00f3stico de un error cong\u00e9nito del metabolismo &#8211; YouTube<\/a>.<\/p>\n<p>&nbsp;<\/p>\n","protected":false},"excerpt":{"rendered":"<p>&nbsp; Algunas pautas generales para padres y afectados cuando nos dicen que nuestro hijo tiene PKU OTM. Es incre\u00edble lo del &#8220;duelo sobre el hijo sano&#8220;. Nuestro hijo iba a ser perfecto, y resulta que&#8230;\u00a0Al final todo saldr\u00e1 bien, pero esa fase no nos la quita nadie. El impacto psicol\u00f3gico en el diagn\u00f3stico de un &hellip;<\/p>\n<p class=\"read-more\"> <a class=\"\" href=\"https:\/\/asfema.org\/blog\/index.php\/el-impacto-psicologico-en-el-diagnostico-de-un-error-congenito-del-metabolismo\/\"> <span class=\"screen-reader-text\">El impacto psicol\u00f3gico en el diagn\u00f3stico de un error cong\u00e9nito del metabolismo<\/span> Read More &raquo;<\/a><\/p>\n","protected":false},"author":1,"featured_media":0,"comment_status":"open","ping_status":"open","sticky":false,"template":"","format":"standard","meta":{"site-sidebar-layout":"default","site-content-layout":"default","ast-global-header-display":"","ast-banner-title-visibility":"","ast-main-header-display":"","ast-hfb-above-header-display":"","ast-hfb-below-header-display":"","ast-hfb-mobile-header-display":"","site-post-title":"","ast-breadcrumbs-content":"","ast-featured-img":"","footer-sml-layout":"","theme-transparent-header-meta":"","adv-header-id-meta":"","stick-header-meta":"","header-above-stick-meta":"","header-main-stick-meta":"","header-below-stick-meta":"","footnotes":""},"categories":[22,8],"tags":[37,38,36],"acf":[],"_links":{"self":[{"href":"https:\/\/asfema.org\/blog\/index.php\/wp-json\/wp\/v2\/posts\/206"}],"collection":[{"href":"https:\/\/asfema.org\/blog\/index.php\/wp-json\/wp\/v2\/posts"}],"about":[{"href":"https:\/\/asfema.org\/blog\/index.php\/wp-json\/wp\/v2\/types\/post"}],"author":[{"embeddable":true,"href":"https:\/\/asfema.org\/blog\/index.php\/wp-json\/wp\/v2\/users\/1"}],"replies":[{"embeddable":true,"href":"https:\/\/asfema.org\/blog\/index.php\/wp-json\/wp\/v2\/comments?post=206"}],"version-history":[{"count":1,"href":"https:\/\/asfema.org\/blog\/index.php\/wp-json\/wp\/v2\/posts\/206\/revisions"}],"predecessor-version":[{"id":3227,"href":"https:\/\/asfema.org\/blog\/index.php\/wp-json\/wp\/v2\/posts\/206\/revisions\/3227"}],"wp:attachment":[{"href":"https:\/\/asfema.org\/blog\/index.php\/wp-json\/wp\/v2\/media?parent=206"}],"wp:term":[{"taxonomy":"category","embeddable":true,"href":"https:\/\/asfema.org\/blog\/index.php\/wp-json\/wp\/v2\/categories?post=206"},{"taxonomy":"post_tag","embeddable":true,"href":"https:\/\/asfema.org\/blog\/index.php\/wp-json\/wp\/v2\/tags?post=206"}],"curies":[{"name":"wp","href":"https:\/\/api.w.org\/{rel}","templated":true}]}}