{"id":2062,"date":"2015-04-09T19:01:10","date_gmt":"2015-04-09T19:01:10","guid":{"rendered":"https:\/\/asfema.org\/blog\/?p=2062"},"modified":"2017-05-14T10:32:21","modified_gmt":"2017-05-14T10:32:21","slug":"francisco-mancebo-colabora-con-nuestra-ciclomarcha","status":"publish","type":"post","link":"https:\/\/asfema.org\/blog\/index.php\/francisco-mancebo-colabora-con-nuestra-ciclomarcha\/","title":{"rendered":"Francisco Mancebo colabora con nuestra ciclomarcha"},"content":{"rendered":"<div class=\"ast-oembed-container\" style=\"height: 100%;\"><iframe loading=\"lazy\" width=\"500\" height=\"281\" src=\"https:\/\/www.youtube.com\/embed\/djpiNIHm684?feature=oembed\" frameborder=\"0\" allowfullscreen><\/iframe><\/div>\n<p>Entre nuestros colaboradores no pod\u00eda faltar Paco Mancebo, que tambi\u00e9n estar\u00e1 presente el 26 de Abril en El Tiemblo. Todav\u00eda est\u00e1s a tiempo para inscribirte; y si no corres, vente a disfrutar con nosotros de un paisaje precioso en un d\u00eda primaveral, a hacer el aerobic o escuchar el concierto.<\/p>\n<p>\u00a1Nos vemos en El Tiemblo!<\/p>\n","protected":false},"excerpt":{"rendered":"<p>Entre nuestros colaboradores no pod\u00eda faltar Paco Mancebo, que tambi\u00e9n estar\u00e1 presente el 26 de Abril en El Tiemblo. Todav\u00eda est\u00e1s a tiempo para inscribirte; y si no corres, vente a disfrutar con nosotros de un paisaje precioso en un d\u00eda primaveral, a hacer el aerobic o escuchar el concierto. \u00a1Nos vemos en El Tiemblo!<\/p>\n","protected":false},"author":2,"featured_media":3160,"comment_status":"open","ping_status":"open","sticky":false,"template":"","format":"standard","meta":{"site-sidebar-layout":"default","site-content-layout":"default","ast-global-header-display":"","ast-banner-title-visibility":"","ast-main-header-display":"","ast-hfb-above-header-display":"","ast-hfb-below-header-display":"","ast-hfb-mobile-header-display":"","site-post-title":"","ast-breadcrumbs-content":"","ast-featured-img":"","footer-sml-layout":"","theme-transparent-header-meta":"","adv-header-id-meta":"","stick-header-meta":"","header-above-stick-meta":"","header-main-stick-meta":"","header-below-stick-meta":"","footnotes":""},"categories":[202,5],"tags":[],"acf":[],"_links":{"self":[{"href":"https:\/\/asfema.org\/blog\/index.php\/wp-json\/wp\/v2\/posts\/2062"}],"collection":[{"href":"https:\/\/asfema.org\/blog\/index.php\/wp-json\/wp\/v2\/posts"}],"about":[{"href":"https:\/\/asfema.org\/blog\/index.php\/wp-json\/wp\/v2\/types\/post"}],"author":[{"embeddable":true,"href":"https:\/\/asfema.org\/blog\/index.php\/wp-json\/wp\/v2\/users\/2"}],"replies":[{"embeddable":true,"href":"https:\/\/asfema.org\/blog\/index.php\/wp-json\/wp\/v2\/comments?post=2062"}],"version-history":[{"count":2,"href":"https:\/\/asfema.org\/blog\/index.php\/wp-json\/wp\/v2\/posts\/2062\/revisions"}],"predecessor-version":[{"id":3159,"href":"https:\/\/asfema.org\/blog\/index.php\/wp-json\/wp\/v2\/posts\/2062\/revisions\/3159"}],"wp:featuredmedia":[{"embeddable":true,"href":"https:\/\/asfema.org\/blog\/index.php\/wp-json\/wp\/v2\/media\/3160"}],"wp:attachment":[{"href":"https:\/\/asfema.org\/blog\/index.php\/wp-json\/wp\/v2\/media?parent=2062"}],"wp:term":[{"taxonomy":"category","embeddable":true,"href":"https:\/\/asfema.org\/blog\/index.php\/wp-json\/wp\/v2\/categories?post=2062"},{"taxonomy":"post_tag","embeddable":true,"href":"https:\/\/asfema.org\/blog\/index.php\/wp-json\/wp\/v2\/tags?post=2062"}],"curies":[{"name":"wp","href":"https:\/\/api.w.org\/{rel}","templated":true}]}}