{"id":2306,"date":"2015-11-25T21:56:58","date_gmt":"2015-11-25T21:56:58","guid":{"rendered":"https:\/\/asfema.org\/blog\/?p=2306"},"modified":"2017-05-14T08:19:43","modified_gmt":"2017-05-14T08:19:43","slug":"taller-de-arcilla-para-ninos","status":"publish","type":"post","link":"https:\/\/asfema.org\/blog\/index.php\/taller-de-arcilla-para-ninos\/","title":{"rendered":"\u00a1Taller de arcilla para ni\u00f1os!"},"content":{"rendered":"<p><a href=\"https:\/\/asfema.org\/blog\/wp-content\/uploads\/2015\/11\/TALLERARCILLA_Navidad2016.jpg\"><img decoding=\"async\" loading=\"lazy\" class=\"size-medium wp-image-2307 aligncenter\" src=\"https:\/\/asfema.org\/blog\/wp-content\/uploads\/2015\/11\/TALLERARCILLA_Navidad2016-300x180.jpg\" alt=\"Taller de arcilla\" width=\"300\" height=\"180\" \/><\/a><\/p>\n<p><span style=\"font-family: 'Times New Roman', serif;\"><span style=\"font-size: medium;\">Queridos socios,<br \/>\nEstas Navidades queremos que los ni\u00f1os de ASFEMA con edades comprendidas entre los 3 y los 12 a\u00f1os puedan disfrutar de la realizaci\u00f3n de un taller de arcilla. Dicho taller estar\u00e1 impartido por \u201cLa casa de la Arcilla\u201d utilizando una arcilla polim\u00e9rica de secado al aire que no es t\u00f3xica y no mancha. En esta actividad a parte de pas\u00e1rselo fenomenal, trabajar\u00e1n la psicomotricidad, desarrollar\u00e1n la concentraci\u00f3n, estimular\u00e1n la imaginaci\u00f3n y la autoestima. Os aseguramos que es algo muy enriquecedor y divertido. <\/span><\/span><\/p>\n<p><span style=\"font-family: 'Times New Roman', serif;\"><span style=\"font-size: medium;\">Por ellos os invitamos a que llev\u00e9is a vuestro hijos a ASFEMA (C\/Costa del Sol n.11, metro Hortaleza) el pr\u00f3ximo d\u00eda 4 de enero a las 11am. <\/span><\/span><\/p>\n<p><span style=\"font-family: 'Times New Roman', serif;\"><span style=\"font-size: medium;\">El taller tendr\u00e1 una duraci\u00f3n aproximada de 2 horas.<br \/>\n<\/span><\/span><\/p>\n<p><span style=\"font-family: 'Times New Roman', serif;\"><span style=\"font-size: medium;\">Un abrazo<br \/>\nLa Junta Directiva<\/span><\/span><\/p>\n<p>PD: Se ruega confirmaci\u00f3n. Solo podr\u00e1n participar aquellos socios cuyas cuotas est\u00e9n al d\u00eda.<\/p>\n<p>&nbsp;<\/p>\n","protected":false},"excerpt":{"rendered":"<p>Queridos socios, Estas Navidades queremos que los ni\u00f1os de ASFEMA con edades comprendidas entre los 3 y los 12 a\u00f1os puedan disfrutar de la realizaci\u00f3n de un taller de arcilla. Dicho taller estar\u00e1 impartido por \u201cLa casa de la Arcilla\u201d utilizando una arcilla polim\u00e9rica de secado al aire que no es t\u00f3xica y no mancha. &hellip;<\/p>\n<p class=\"read-more\"> <a class=\"\" href=\"https:\/\/asfema.org\/blog\/index.php\/taller-de-arcilla-para-ninos\/\"> <span class=\"screen-reader-text\">\u00a1Taller de arcilla para ni\u00f1os!<\/span> Read More &raquo;<\/a><\/p>\n","protected":false},"author":3,"featured_media":2307,"comment_status":"open","ping_status":"open","sticky":false,"template":"","format":"standard","meta":{"site-sidebar-layout":"default","site-content-layout":"default","ast-global-header-display":"","ast-banner-title-visibility":"","ast-main-header-display":"","ast-hfb-above-header-display":"","ast-hfb-below-header-display":"","ast-hfb-mobile-header-display":"","site-post-title":"","ast-breadcrumbs-content":"","ast-featured-img":"","footer-sml-layout":"","theme-transparent-header-meta":"","adv-header-id-meta":"","stick-header-meta":"","header-above-stick-meta":"","header-main-stick-meta":"","header-below-stick-meta":"","footnotes":""},"categories":[31,136,5],"tags":[],"acf":[],"_links":{"self":[{"href":"https:\/\/asfema.org\/blog\/index.php\/wp-json\/wp\/v2\/posts\/2306"}],"collection":[{"href":"https:\/\/asfema.org\/blog\/index.php\/wp-json\/wp\/v2\/posts"}],"about":[{"href":"https:\/\/asfema.org\/blog\/index.php\/wp-json\/wp\/v2\/types\/post"}],"author":[{"embeddable":true,"href":"https:\/\/asfema.org\/blog\/index.php\/wp-json\/wp\/v2\/users\/3"}],"replies":[{"embeddable":true,"href":"https:\/\/asfema.org\/blog\/index.php\/wp-json\/wp\/v2\/comments?post=2306"}],"version-history":[{"count":3,"href":"https:\/\/asfema.org\/blog\/index.php\/wp-json\/wp\/v2\/posts\/2306\/revisions"}],"predecessor-version":[{"id":3082,"href":"https:\/\/asfema.org\/blog\/index.php\/wp-json\/wp\/v2\/posts\/2306\/revisions\/3082"}],"wp:featuredmedia":[{"embeddable":true,"href":"https:\/\/asfema.org\/blog\/index.php\/wp-json\/wp\/v2\/media\/2307"}],"wp:attachment":[{"href":"https:\/\/asfema.org\/blog\/index.php\/wp-json\/wp\/v2\/media?parent=2306"}],"wp:term":[{"taxonomy":"category","embeddable":true,"href":"https:\/\/asfema.org\/blog\/index.php\/wp-json\/wp\/v2\/categories?post=2306"},{"taxonomy":"post_tag","embeddable":true,"href":"https:\/\/asfema.org\/blog\/index.php\/wp-json\/wp\/v2\/tags?post=2306"}],"curies":[{"name":"wp","href":"https:\/\/api.w.org\/{rel}","templated":true}]}}