{"id":2317,"date":"2015-12-02T10:57:30","date_gmt":"2015-12-02T10:57:30","guid":{"rendered":"https:\/\/asfema.org\/blog\/?p=2317"},"modified":"2017-05-14T12:37:43","modified_gmt":"2017-05-14T12:37:43","slug":"concierto-solidario-por-210-ninnos-de-gaza","status":"publish","type":"post","link":"https:\/\/asfema.org\/blog\/index.php\/concierto-solidario-por-210-ninnos-de-gaza\/","title":{"rendered":"Concierto solidario por 210 ni\u00f1os de Gaza"},"content":{"rendered":"<p>El pr\u00f3ximo 16 de diciembre a las 20hh organizamos un concierto en La Libre del Barrio en Legan\u00e9s (calle Villaverde 4, Legan\u00e9s)<\/p>\n<p><a href=\"https:\/\/www.google.dk\/maps\/place\/Calle+de+Villaverde,+4,+28912+Legan%C3%A9s,+Madrid,+Espa%C3%B1a\/data=!4m2!3m1!1s0xd418a1f99f646e7:0xffbae0cc5fd9b157?sa=X&amp;ved=0ahUKEwiizcHYgL3JAhUkd3IKHU8OCX4Q8gEIHTAA\"><img decoding=\"async\" loading=\"lazy\" class=\"aligncenter wp-image-2318 size-full\" src=\"https:\/\/asfema.org\/blog\/wp-content\/uploads\/2015\/12\/la-libre.png\" alt=\"la libre\" width=\"512\" height=\"266\" \/><\/a><\/p>\n<p>Tocar\u00e1n Nacho Jovtis y \u00c1lex Diaz con un programa de canci\u00f8n de autor. Entre canci\u00f3n y canci\u00f3n os resumiremos la campa\u00f1a por 210 ni\u00f1os de Gaza, contaremos los avances y las novedades y reflexionaremos sobre lo que queda por hacer.<\/p>\n<figure id=\"attachment_2323\" aria-describedby=\"caption-attachment-2323\" style=\"width: 565px\" class=\"wp-caption aligncenter\"><a href=\"https:\/\/asfema.org\/blog\/wp-content\/uploads\/2015\/12\/210ninoslibre.jpg\"><img decoding=\"async\" loading=\"lazy\" class=\"wp-image-2323 size-large\" src=\"https:\/\/asfema.org\/blog\/wp-content\/uploads\/2015\/12\/210ninoslibre-724x1024.jpg\" alt=\"Cartel cortes\u00eda de Mar\u00eda Mu\u00f1oz\" width=\"565\" height=\"799\" \/><\/a><figcaption id=\"caption-attachment-2323\" class=\"wp-caption-text\">Cartel cortes\u00eda de Mar\u00eda Mu\u00f1oz<\/figcaption><\/figure>\n<p>Estais mas que bienvenidos.<br \/>\nSi todavia no habeis colaborado, <a href=\"http:\/\/www.migranodearena.org\/es\/reto\/6993\/210-ninos-de-gaza\/\">os animamos a contribuir<\/a>.<\/p>\n","protected":false},"excerpt":{"rendered":"<p>El pr\u00f3ximo 16 de diciembre a las 20hh organizamos un concierto en La Libre del Barrio en Legan\u00e9s (calle Villaverde 4, Legan\u00e9s) Tocar\u00e1n Nacho Jovtis y \u00c1lex Diaz con un programa de canci\u00f8n de autor. Entre canci\u00f3n y canci\u00f3n os resumiremos la campa\u00f1a por 210 ni\u00f1os de Gaza, contaremos los avances y las novedades y &hellip;<\/p>\n<p class=\"read-more\"> <a class=\"\" href=\"https:\/\/asfema.org\/blog\/index.php\/concierto-solidario-por-210-ninnos-de-gaza\/\"> <span class=\"screen-reader-text\">Concierto solidario por 210 ni\u00f1os de Gaza<\/span> Read More &raquo;<\/a><\/p>\n","protected":false},"author":2,"featured_media":2323,"comment_status":"open","ping_status":"open","sticky":false,"template":"","format":"standard","meta":{"site-sidebar-layout":"default","site-content-layout":"default","ast-global-header-display":"","ast-banner-title-visibility":"","ast-main-header-display":"","ast-hfb-above-header-display":"","ast-hfb-below-header-display":"","ast-hfb-mobile-header-display":"","site-post-title":"","ast-breadcrumbs-content":"","ast-featured-img":"","footer-sml-layout":"","theme-transparent-header-meta":"","adv-header-id-meta":"","stick-header-meta":"","header-above-stick-meta":"","header-main-stick-meta":"","header-below-stick-meta":"","footnotes":""},"categories":[31,5],"tags":[222,223,99,211,224],"acf":[],"_links":{"self":[{"href":"https:\/\/asfema.org\/blog\/index.php\/wp-json\/wp\/v2\/posts\/2317"}],"collection":[{"href":"https:\/\/asfema.org\/blog\/index.php\/wp-json\/wp\/v2\/posts"}],"about":[{"href":"https:\/\/asfema.org\/blog\/index.php\/wp-json\/wp\/v2\/types\/post"}],"author":[{"embeddable":true,"href":"https:\/\/asfema.org\/blog\/index.php\/wp-json\/wp\/v2\/users\/2"}],"replies":[{"embeddable":true,"href":"https:\/\/asfema.org\/blog\/index.php\/wp-json\/wp\/v2\/comments?post=2317"}],"version-history":[{"count":3,"href":"https:\/\/asfema.org\/blog\/index.php\/wp-json\/wp\/v2\/posts\/2317\/revisions"}],"predecessor-version":[{"id":2324,"href":"https:\/\/asfema.org\/blog\/index.php\/wp-json\/wp\/v2\/posts\/2317\/revisions\/2324"}],"wp:featuredmedia":[{"embeddable":true,"href":"https:\/\/asfema.org\/blog\/index.php\/wp-json\/wp\/v2\/media\/2323"}],"wp:attachment":[{"href":"https:\/\/asfema.org\/blog\/index.php\/wp-json\/wp\/v2\/media?parent=2317"}],"wp:term":[{"taxonomy":"category","embeddable":true,"href":"https:\/\/asfema.org\/blog\/index.php\/wp-json\/wp\/v2\/categories?post=2317"},{"taxonomy":"post_tag","embeddable":true,"href":"https:\/\/asfema.org\/blog\/index.php\/wp-json\/wp\/v2\/tags?post=2317"}],"curies":[{"name":"wp","href":"https:\/\/api.w.org\/{rel}","templated":true}]}}