{"id":2358,"date":"2016-02-03T11:39:18","date_gmt":"2016-02-03T11:39:18","guid":{"rendered":"https:\/\/asfema.org\/blog\/?p=2358"},"modified":"2016-02-03T11:39:45","modified_gmt":"2016-02-03T11:39:45","slug":"abierto-plazo-de-inscripcion-para-la-iv-ciclomarcha-de-asfema","status":"publish","type":"post","link":"https:\/\/asfema.org\/blog\/index.php\/abierto-plazo-de-inscripcion-para-la-iv-ciclomarcha-de-asfema\/","title":{"rendered":"ABIERTO PLAZO DE INSCRIPCI\u00d3N para la IV CICLOMARCHA DE ASFEMA"},"content":{"rendered":"<p style=\"text-align: center;\">Os informamos que ya est\u00e1 abierto el plazo de inscripci\u00f3n para la IV Ciclomarcha de ASFEMA.<\/p>\n<p style=\"text-align: center;\"><strong><a href=\"http:\/\/www.redciclista.com\/calendario\/evento\/24-04-2016\/mtb-tiemblo-iv-marcha-por-enfermedades-raras-metabolicas-asfema\/6671\">\u00a1INSCR\u00cdBETE AQU\u00cd!<\/a><\/strong><\/p>\n<p><a href=\"https:\/\/asfema.org\/blog\/wp-content\/uploads\/2016\/01\/borrador-cartel-ciclomarcha-2016-copia.jpg\" rel=\"attachment wp-att-2336\"><img decoding=\"async\" loading=\"lazy\" class=\"aligncenter size-medium wp-image-2336\" src=\"https:\/\/asfema.org\/blog\/wp-content\/uploads\/2016\/01\/borrador-cartel-ciclomarcha-2016-copia-225x300.jpg\" alt=\"borrador cartel ciclomarcha 2016 copia\" width=\"225\" height=\"300\" \/><\/a><\/p>\n<p>Nuestra ciclomarcha va camino de su cuarta edici\u00f3n. Como todos los a\u00f1os, vamos a vernos en El Tiemblo el pr\u00f3ximo 24 de Abril. La carrera empezar\u00e1 a las 11.00; y para las familias de los ciclistas y los que no sean tan deportistas tenemos preparadas muchas actividades y sorpresas. <a href=\"https:\/\/asfema.org\/blog\/?page_id=2334\">Todos los detalles aqu\u00ed.\u00a0<\/a><\/p>\n<p>Puesto que se trata de un evento que proporciona a ASFEMA medios importantes para llevar a cabo sus actividades, rogamos a todos que contribuyan en la manera de lo posible en las tareas organizativas y que acudan a la carrera. El pr\u00f3ximo d\u00eda de apertura, 6 de febrero, se podr\u00e1n recoger los carteles para colgarlos en las tiendas de bicis, clubs de MTB y BTT y talleres. \u00a1El \u00e9xito depende de todos nosotros!<\/p>\n","protected":false},"excerpt":{"rendered":"<p>Os informamos que ya est\u00e1 abierto el plazo de inscripci\u00f3n para la IV Ciclomarcha de ASFEMA. \u00a1INSCR\u00cdBETE AQU\u00cd! Nuestra ciclomarcha va camino de su cuarta edici\u00f3n. Como todos los a\u00f1os, vamos a vernos en El Tiemblo el pr\u00f3ximo 24 de Abril. La carrera empezar\u00e1 a las 11.00; y para las familias de los ciclistas y &hellip;<\/p>\n<p class=\"read-more\"> <a class=\"\" href=\"https:\/\/asfema.org\/blog\/index.php\/abierto-plazo-de-inscripcion-para-la-iv-ciclomarcha-de-asfema\/\"> <span class=\"screen-reader-text\">ABIERTO PLAZO DE INSCRIPCI\u00d3N para la IV CICLOMARCHA DE ASFEMA<\/span> Read More &raquo;<\/a><\/p>\n","protected":false},"author":2,"featured_media":0,"comment_status":"open","ping_status":"open","sticky":false,"template":"","format":"standard","meta":{"site-sidebar-layout":"default","site-content-layout":"default","ast-global-header-display":"","ast-banner-title-visibility":"","ast-main-header-display":"","ast-hfb-above-header-display":"","ast-hfb-below-header-display":"","ast-hfb-mobile-header-display":"","site-post-title":"","ast-breadcrumbs-content":"","ast-featured-img":"","footer-sml-layout":"","theme-transparent-header-meta":"","adv-header-id-meta":"","stick-header-meta":"","header-above-stick-meta":"","header-main-stick-meta":"","header-below-stick-meta":"","footnotes":""},"categories":[31,5,226],"tags":[230,229,133,228,227],"acf":[],"_links":{"self":[{"href":"https:\/\/asfema.org\/blog\/index.php\/wp-json\/wp\/v2\/posts\/2358"}],"collection":[{"href":"https:\/\/asfema.org\/blog\/index.php\/wp-json\/wp\/v2\/posts"}],"about":[{"href":"https:\/\/asfema.org\/blog\/index.php\/wp-json\/wp\/v2\/types\/post"}],"author":[{"embeddable":true,"href":"https:\/\/asfema.org\/blog\/index.php\/wp-json\/wp\/v2\/users\/2"}],"replies":[{"embeddable":true,"href":"https:\/\/asfema.org\/blog\/index.php\/wp-json\/wp\/v2\/comments?post=2358"}],"version-history":[{"count":2,"href":"https:\/\/asfema.org\/blog\/index.php\/wp-json\/wp\/v2\/posts\/2358\/revisions"}],"predecessor-version":[{"id":2360,"href":"https:\/\/asfema.org\/blog\/index.php\/wp-json\/wp\/v2\/posts\/2358\/revisions\/2360"}],"wp:attachment":[{"href":"https:\/\/asfema.org\/blog\/index.php\/wp-json\/wp\/v2\/media?parent=2358"}],"wp:term":[{"taxonomy":"category","embeddable":true,"href":"https:\/\/asfema.org\/blog\/index.php\/wp-json\/wp\/v2\/categories?post=2358"},{"taxonomy":"post_tag","embeddable":true,"href":"https:\/\/asfema.org\/blog\/index.php\/wp-json\/wp\/v2\/tags?post=2358"}],"curies":[{"name":"wp","href":"https:\/\/api.w.org\/{rel}","templated":true}]}}