{"id":2417,"date":"2016-03-30T07:51:31","date_gmt":"2016-03-30T07:51:31","guid":{"rendered":"https:\/\/asfema.org\/blog\/?p=2417"},"modified":"2016-03-30T07:51:31","modified_gmt":"2016-03-30T07:51:31","slug":"carlos-sastre-colabora-con-asfema-en-la-iv-ciclomarcha","status":"publish","type":"post","link":"https:\/\/asfema.org\/blog\/index.php\/carlos-sastre-colabora-con-asfema-en-la-iv-ciclomarcha\/","title":{"rendered":"Carlos Sastre colabora con ASFEMA en la IV Ciclomarcha"},"content":{"rendered":"<div class=\"ast-oembed-container\" style=\"height: 100%;\"><iframe loading=\"lazy\" width=\"500\" height=\"281\" src=\"https:\/\/www.youtube.com\/embed\/tppWyLEZBdg?feature=oembed\" frameborder=\"0\" allowfullscreen><\/iframe><\/div>\n<p>A menos de un mes de la Ciclomarcha Carlos Sastre os anima a inscribiros en la Ciclomarcha! Toda la informaci\u00f3n e inscripciones<a href=\"https:\/\/asfema.org\/blog\/?page_id=2334\"> aqu\u00ed.<\/a>\u00a0Rogamos m\u00e1xima difusi\u00f3n pues es el evento vital para nuestra asociaci\u00f3n.<\/p>\n","protected":false},"excerpt":{"rendered":"<p>A menos de un mes de la Ciclomarcha Carlos Sastre os anima a inscribiros en la Ciclomarcha! Toda la informaci\u00f3n e inscripciones aqu\u00ed.\u00a0Rogamos m\u00e1xima difusi\u00f3n pues es el evento vital para nuestra asociaci\u00f3n.<\/p>\n","protected":false},"author":2,"featured_media":0,"comment_status":"open","ping_status":"open","sticky":false,"template":"","format":"video","meta":{"site-sidebar-layout":"default","site-content-layout":"default","ast-global-header-display":"","ast-banner-title-visibility":"","ast-main-header-display":"","ast-hfb-above-header-display":"","ast-hfb-below-header-display":"","ast-hfb-mobile-header-display":"","site-post-title":"","ast-breadcrumbs-content":"","ast-featured-img":"","footer-sml-layout":"","theme-transparent-header-meta":"","adv-header-id-meta":"","stick-header-meta":"","header-above-stick-meta":"","header-main-stick-meta":"","header-below-stick-meta":"","footnotes":""},"categories":[226],"tags":[237,235,227,236],"acf":[],"_links":{"self":[{"href":"https:\/\/asfema.org\/blog\/index.php\/wp-json\/wp\/v2\/posts\/2417"}],"collection":[{"href":"https:\/\/asfema.org\/blog\/index.php\/wp-json\/wp\/v2\/posts"}],"about":[{"href":"https:\/\/asfema.org\/blog\/index.php\/wp-json\/wp\/v2\/types\/post"}],"author":[{"embeddable":true,"href":"https:\/\/asfema.org\/blog\/index.php\/wp-json\/wp\/v2\/users\/2"}],"replies":[{"embeddable":true,"href":"https:\/\/asfema.org\/blog\/index.php\/wp-json\/wp\/v2\/comments?post=2417"}],"version-history":[{"count":1,"href":"https:\/\/asfema.org\/blog\/index.php\/wp-json\/wp\/v2\/posts\/2417\/revisions"}],"predecessor-version":[{"id":2418,"href":"https:\/\/asfema.org\/blog\/index.php\/wp-json\/wp\/v2\/posts\/2417\/revisions\/2418"}],"wp:attachment":[{"href":"https:\/\/asfema.org\/blog\/index.php\/wp-json\/wp\/v2\/media?parent=2417"}],"wp:term":[{"taxonomy":"category","embeddable":true,"href":"https:\/\/asfema.org\/blog\/index.php\/wp-json\/wp\/v2\/categories?post=2417"},{"taxonomy":"post_tag","embeddable":true,"href":"https:\/\/asfema.org\/blog\/index.php\/wp-json\/wp\/v2\/tags?post=2417"}],"curies":[{"name":"wp","href":"https:\/\/api.w.org\/{rel}","templated":true}]}}