{"id":2457,"date":"2016-04-14T11:20:30","date_gmt":"2016-04-14T11:20:30","guid":{"rendered":"https:\/\/asfema.org\/blog\/?p=2457"},"modified":"2016-04-14T11:20:30","modified_gmt":"2016-04-14T11:20:30","slug":"david-navas-tambien-estara-en-la-ciclomarcha","status":"publish","type":"post","link":"https:\/\/asfema.org\/blog\/index.php\/david-navas-tambien-estara-en-la-ciclomarcha\/","title":{"rendered":"David Navas tambi\u00e9n estar\u00e1 en la ciclomarcha"},"content":{"rendered":"<p>Otro ciclista profesional que nos acompa\u00f1ar\u00e1 en la <a href=\"https:\/\/asfema.org\/blog\/?page_id=2334\" target=\"_blank\">Ciclomarcha Asfema<\/a>, David Navas. Muchas gracias por colaborar con nosotros. Nos vemos en El Tiemblo.<\/p>\n<div class=\"ast-oembed-container\" style=\"height: 100%;\"><iframe loading=\"lazy\" width=\"500\" height=\"281\" src=\"https:\/\/www.youtube.com\/embed\/ID14zqNMabw?feature=oembed\" frameborder=\"0\" allowfullscreen><\/iframe><\/div>\n<p>&nbsp;<\/p>\n","protected":false},"excerpt":{"rendered":"<p>Otro ciclista profesional que nos acompa\u00f1ar\u00e1 en la Ciclomarcha Asfema, David Navas. Muchas gracias por colaborar con nosotros. Nos vemos en El Tiemblo. &nbsp;<\/p>\n","protected":false},"author":1,"featured_media":0,"comment_status":"open","ping_status":"open","sticky":false,"template":"","format":"standard","meta":{"site-sidebar-layout":"default","site-content-layout":"default","ast-global-header-display":"","ast-banner-title-visibility":"","ast-main-header-display":"","ast-hfb-above-header-display":"","ast-hfb-below-header-display":"","ast-hfb-mobile-header-display":"","site-post-title":"","ast-breadcrumbs-content":"","ast-featured-img":"","footer-sml-layout":"","theme-transparent-header-meta":"","adv-header-id-meta":"","stick-header-meta":"","header-above-stick-meta":"","header-main-stick-meta":"","header-below-stick-meta":"","footnotes":""},"categories":[226],"tags":[59,229,133,46],"acf":[],"_links":{"self":[{"href":"https:\/\/asfema.org\/blog\/index.php\/wp-json\/wp\/v2\/posts\/2457"}],"collection":[{"href":"https:\/\/asfema.org\/blog\/index.php\/wp-json\/wp\/v2\/posts"}],"about":[{"href":"https:\/\/asfema.org\/blog\/index.php\/wp-json\/wp\/v2\/types\/post"}],"author":[{"embeddable":true,"href":"https:\/\/asfema.org\/blog\/index.php\/wp-json\/wp\/v2\/users\/1"}],"replies":[{"embeddable":true,"href":"https:\/\/asfema.org\/blog\/index.php\/wp-json\/wp\/v2\/comments?post=2457"}],"version-history":[{"count":1,"href":"https:\/\/asfema.org\/blog\/index.php\/wp-json\/wp\/v2\/posts\/2457\/revisions"}],"predecessor-version":[{"id":2458,"href":"https:\/\/asfema.org\/blog\/index.php\/wp-json\/wp\/v2\/posts\/2457\/revisions\/2458"}],"wp:attachment":[{"href":"https:\/\/asfema.org\/blog\/index.php\/wp-json\/wp\/v2\/media?parent=2457"}],"wp:term":[{"taxonomy":"category","embeddable":true,"href":"https:\/\/asfema.org\/blog\/index.php\/wp-json\/wp\/v2\/categories?post=2457"},{"taxonomy":"post_tag","embeddable":true,"href":"https:\/\/asfema.org\/blog\/index.php\/wp-json\/wp\/v2\/tags?post=2457"}],"curies":[{"name":"wp","href":"https:\/\/api.w.org\/{rel}","templated":true}]}}