{"id":2470,"date":"2016-04-25T18:21:29","date_gmt":"2016-04-25T18:21:29","guid":{"rendered":"https:\/\/asfema.org\/blog\/?p=2470"},"modified":"2016-04-28T09:20:46","modified_gmt":"2016-04-28T09:20:46","slug":"fotos-de-la-iv-ciclomarcha-asfema-por-las-enfermedades-metabolicas","status":"publish","type":"post","link":"https:\/\/asfema.org\/blog\/index.php\/fotos-de-la-iv-ciclomarcha-asfema-por-las-enfermedades-metabolicas\/","title":{"rendered":"Fotos de la IV Ciclomarcha Asfema por las Enfermedades Metab\u00f3licas"},"content":{"rendered":"<p>Ya tenemos listas las fotos de la IV edici\u00f3n de la<a href=\"https:\/\/asfema.org\/blog\/?page_id=2334\"> Ciclomarcha Asfema por las Enfermedades Metab\u00f3licas<\/a>. Fotos de otros tramos de carrera nos est\u00e1n llegando poco a poco e iremos actualizando el \u00e1lbum. Algunas ya est\u00e1n colgadas en nuestra p\u00e1gina de facebook.<\/p>\n<p>Pod\u00e9is ver el \u00e1lbum de fotos aqu\u00ed mismo:<\/p>\n<p><a title=\"IV Ciclomarcha ASFEMA 2016\" href=\"https:\/\/www.flickr.com\/photos\/asfema\/albums\/72157665247101944\" data-flickr-embed=\"true\" data-header=\"true\" data-footer=\"true\"><img decoding=\"async\" loading=\"lazy\" src=\"https:\/\/farm2.staticflickr.com\/1720\/26038002503_148b3ceafa.jpg\" alt=\"IV Ciclomarcha ASFEMA 2016\" width=\"500\" height=\"333\" \/><\/a><script src=\"\/\/embedr.flickr.com\/assets\/client-code.js\" async=\"\" charset=\"utf-8\"><\/script><\/p>\n<p>Haciendo clic en cada foto las pod\u00e9is ampliar<\/p>\n","protected":false},"excerpt":{"rendered":"<p>Ya tenemos listas las fotos de la IV edici\u00f3n de la Ciclomarcha Asfema por las Enfermedades Metab\u00f3licas. Fotos de otros tramos de carrera nos est\u00e1n llegando poco a poco e iremos actualizando el \u00e1lbum. Algunas ya est\u00e1n colgadas en nuestra p\u00e1gina de facebook. Pod\u00e9is ver el \u00e1lbum de fotos aqu\u00ed mismo: Haciendo clic en cada &hellip;<\/p>\n<p class=\"read-more\"> <a class=\"\" href=\"https:\/\/asfema.org\/blog\/index.php\/fotos-de-la-iv-ciclomarcha-asfema-por-las-enfermedades-metabolicas\/\"> <span class=\"screen-reader-text\">Fotos de la IV Ciclomarcha Asfema por las Enfermedades Metab\u00f3licas<\/span> Read More &raquo;<\/a><\/p>\n","protected":false},"author":1,"featured_media":0,"comment_status":"open","ping_status":"open","sticky":false,"template":"","format":"standard","meta":{"site-sidebar-layout":"default","site-content-layout":"default","ast-global-header-display":"","ast-banner-title-visibility":"","ast-main-header-display":"","ast-hfb-above-header-display":"","ast-hfb-below-header-display":"","ast-hfb-mobile-header-display":"","site-post-title":"","ast-breadcrumbs-content":"","ast-featured-img":"","footer-sml-layout":"","theme-transparent-header-meta":"","adv-header-id-meta":"","stick-header-meta":"","header-above-stick-meta":"","header-main-stick-meta":"","header-below-stick-meta":"","footnotes":""},"categories":[226],"tags":[59,133,139],"acf":[],"_links":{"self":[{"href":"https:\/\/asfema.org\/blog\/index.php\/wp-json\/wp\/v2\/posts\/2470"}],"collection":[{"href":"https:\/\/asfema.org\/blog\/index.php\/wp-json\/wp\/v2\/posts"}],"about":[{"href":"https:\/\/asfema.org\/blog\/index.php\/wp-json\/wp\/v2\/types\/post"}],"author":[{"embeddable":true,"href":"https:\/\/asfema.org\/blog\/index.php\/wp-json\/wp\/v2\/users\/1"}],"replies":[{"embeddable":true,"href":"https:\/\/asfema.org\/blog\/index.php\/wp-json\/wp\/v2\/comments?post=2470"}],"version-history":[{"count":5,"href":"https:\/\/asfema.org\/blog\/index.php\/wp-json\/wp\/v2\/posts\/2470\/revisions"}],"predecessor-version":[{"id":2477,"href":"https:\/\/asfema.org\/blog\/index.php\/wp-json\/wp\/v2\/posts\/2470\/revisions\/2477"}],"wp:attachment":[{"href":"https:\/\/asfema.org\/blog\/index.php\/wp-json\/wp\/v2\/media?parent=2470"}],"wp:term":[{"taxonomy":"category","embeddable":true,"href":"https:\/\/asfema.org\/blog\/index.php\/wp-json\/wp\/v2\/categories?post=2470"},{"taxonomy":"post_tag","embeddable":true,"href":"https:\/\/asfema.org\/blog\/index.php\/wp-json\/wp\/v2\/tags?post=2470"}],"curies":[{"name":"wp","href":"https:\/\/api.w.org\/{rel}","templated":true}]}}