{"id":2475,"date":"2016-04-28T09:19:25","date_gmt":"2016-04-28T09:19:25","guid":{"rendered":"https:\/\/asfema.org\/blog\/?p=2475"},"modified":"2017-05-14T11:10:19","modified_gmt":"2017-05-14T11:10:19","slug":"talleres-de-psicologia-en-asfema","status":"publish","type":"post","link":"https:\/\/asfema.org\/blog\/index.php\/talleres-de-psicologia-en-asfema\/","title":{"rendered":"Talleres de psicolog\u00eda en ASFEMA"},"content":{"rendered":"<p>Queridos socios<\/p>\n<p>Pr\u00f3ximamente, ASFEMA va a ofrecer\u00a0unos talleres de psicolog\u00eda para los socios de la<\/p>\n<p>asociaci\u00f3n. Dichos talleres ser\u00e1n\u00a0impartidos por Psioclog\u00eda Salas y se dividir\u00e1n en tres<\/p>\n<p>rangos de edades: menores de 10 a\u00f1os, de 10 a 18 a\u00f1os y mayores de 18 a\u00f1os.<\/p>\n<p><strong>El primer taller se llevar\u00e1 a cabo el pr\u00f3ximo d\u00eda 28 de mayo de 10-13h en el Local de Asfema (C\/Costa del Sol n.11, metro Hortaleza), para el grupo comprendido entre los\u00a0<\/strong><strong>10 y los 18 a\u00f1os. <\/strong><\/p>\n<p>El objetivo principal que perseguimos, en este rango de edad, es que aprendan a cumplir con las obligaciones que su enfermedad les determina, as\u00ed como indicar y encontrar posible soluci\u00f3n a los\u00a0problemas que la dieta les trae y sus consecuencias.<\/p>\n<p>Rogamos que los padres interesados en que sus ni\u00f1os asistan\u00a0nos lo comuniquen cuanto antes y en todo caso no m\u00e1s tarde de <strong>22 de mayo<\/strong>. Os iremos informando de las fechas de los siguientes talleres.<\/p>\n<p>Un abrazo<\/p>\n<p>La Junta Directiva<\/p>\n<p>PD1: Importante, solo podr\u00e1n participar aquellos socios cuyas cuotas est\u00e9n al d\u00eda.<\/p>\n<p>&nbsp;<\/p>\n<p>&nbsp;<\/p>\n<p>&nbsp;<\/p>\n<p>&nbsp;<\/p>\n","protected":false},"excerpt":{"rendered":"<p>Queridos socios Pr\u00f3ximamente, ASFEMA va a ofrecer\u00a0unos talleres de psicolog\u00eda para los socios de la asociaci\u00f3n. Dichos talleres ser\u00e1n\u00a0impartidos por Psioclog\u00eda Salas y se dividir\u00e1n en tres rangos de edades: menores de 10 a\u00f1os, de 10 a 18 a\u00f1os y mayores de 18 a\u00f1os. El primer taller se llevar\u00e1 a cabo el pr\u00f3ximo d\u00eda 28 &hellip;<\/p>\n<p class=\"read-more\"> <a class=\"\" href=\"https:\/\/asfema.org\/blog\/index.php\/talleres-de-psicologia-en-asfema\/\"> <span class=\"screen-reader-text\">Talleres de psicolog\u00eda en ASFEMA<\/span> Read More &raquo;<\/a><\/p>\n","protected":false},"author":2,"featured_media":3004,"comment_status":"open","ping_status":"open","sticky":false,"template":"","format":"standard","meta":{"site-sidebar-layout":"default","site-content-layout":"default","ast-global-header-display":"","ast-banner-title-visibility":"","ast-main-header-display":"","ast-hfb-above-header-display":"","ast-hfb-below-header-display":"","ast-hfb-mobile-header-display":"","site-post-title":"","ast-breadcrumbs-content":"","ast-featured-img":"","footer-sml-layout":"","theme-transparent-header-meta":"","adv-header-id-meta":"","stick-header-meta":"","header-above-stick-meta":"","header-main-stick-meta":"","header-below-stick-meta":"","footnotes":""},"categories":[31,22,332],"tags":[],"acf":[],"_links":{"self":[{"href":"https:\/\/asfema.org\/blog\/index.php\/wp-json\/wp\/v2\/posts\/2475"}],"collection":[{"href":"https:\/\/asfema.org\/blog\/index.php\/wp-json\/wp\/v2\/posts"}],"about":[{"href":"https:\/\/asfema.org\/blog\/index.php\/wp-json\/wp\/v2\/types\/post"}],"author":[{"embeddable":true,"href":"https:\/\/asfema.org\/blog\/index.php\/wp-json\/wp\/v2\/users\/2"}],"replies":[{"embeddable":true,"href":"https:\/\/asfema.org\/blog\/index.php\/wp-json\/wp\/v2\/comments?post=2475"}],"version-history":[{"count":2,"href":"https:\/\/asfema.org\/blog\/index.php\/wp-json\/wp\/v2\/posts\/2475\/revisions"}],"predecessor-version":[{"id":3178,"href":"https:\/\/asfema.org\/blog\/index.php\/wp-json\/wp\/v2\/posts\/2475\/revisions\/3178"}],"wp:featuredmedia":[{"embeddable":true,"href":"https:\/\/asfema.org\/blog\/index.php\/wp-json\/wp\/v2\/media\/3004"}],"wp:attachment":[{"href":"https:\/\/asfema.org\/blog\/index.php\/wp-json\/wp\/v2\/media?parent=2475"}],"wp:term":[{"taxonomy":"category","embeddable":true,"href":"https:\/\/asfema.org\/blog\/index.php\/wp-json\/wp\/v2\/categories?post=2475"},{"taxonomy":"post_tag","embeddable":true,"href":"https:\/\/asfema.org\/blog\/index.php\/wp-json\/wp\/v2\/tags?post=2475"}],"curies":[{"name":"wp","href":"https:\/\/api.w.org\/{rel}","templated":true}]}}