{"id":2502,"date":"2016-05-22T08:21:42","date_gmt":"2016-05-22T08:21:42","guid":{"rendered":"https:\/\/asfema.org\/blog\/?p=2502"},"modified":"2016-05-22T08:21:42","modified_gmt":"2016-05-22T08:21:42","slug":"asamblea-2016","status":"publish","type":"post","link":"https:\/\/asfema.org\/blog\/index.php\/asamblea-2016\/","title":{"rendered":"Asamblea 2016"},"content":{"rendered":"<p>Reproducimos aqu\u00ed el mail mandado a los socios el 16 de mayo de 2016.<br \/>\nPor la presente la Junta Directiva de Asfema comunica que la Asamblea General Ordinaria de 2016 tendr\u00e1 lugar el pr\u00f3ximo\u00a0<strong>d\u00eda 4\u00a0de Junio, a las 10 horas, en el local de ASFEMA (C\/Costa del Sol 11).<\/strong><\/p>\n<p>Si no te es posible asistir a la misma, puedes\u00a0<strong>delegar tu voto en cualquier otro socio<\/strong>, rellenando el formulario que se encuentra en: <a href=\"http:\/\/asfema.us5.list-manage.com\/track\/click?u=755c347bff48a967a63bd271e&amp;id=81eba05c58&amp;e=d588ab496b\" target=\"_blank\" data-saferedirecturl=\"https:\/\/www.google.com\/url?hl=pl&amp;q=http:\/\/asfema.us5.list-manage.com\/track\/click?u%3D755c347bff48a967a63bd271e%26id%3D81eba05c58%26e%3Dd588ab496b&amp;source=gmail&amp;ust=1463991477021000&amp;usg=AFQjCNGPcadSNHbhA1qD3bHPEMcUgCMbjw\">https:\/\/asfema.org\/blog\/wp-<wbr \/>content\/uploads\/2014\/06\/<wbr \/>delegacion-de-voto-asamblea-<wbr \/>general.pdf<\/a> .<\/p>\n<p>Recordamos que, conforme a nuestros estatutos, tendr\u00e1n\u00a0<strong>derecho a voto<\/strong>, todos los socios de Asfema<strong>\u00a0mayores de 16 a\u00f1os<\/strong>, o en su defecto, si fuera menor de esa edad,\u00a0<strong>su representante legal<\/strong>\u00a0(padre, madre o tutor), siempre que est\u00e9n al corriente de pago de al menos, la primera cuota de 2016.<\/p>\n<p>El\u00a0<strong>orden del d\u00eda<\/strong>\u00a0propuesto ser\u00e1 el siguiente:<\/p>\n<ol>\n<li dir=\"ltr\">Recuento de Socios Presentes y Revisi\u00f3n de votos delegados.<\/li>\n<li dir=\"ltr\">Lectura y aprobaci\u00f3n del Acta de la Asamblea General Ordinaria anterior.<\/li>\n<li dir=\"ltr\">Examen y aprobaci\u00f3n del Presupuesto, Balance contable y cuentas correspondientes al ejercicio 2015 (se adjuntan los ficheros).<\/li>\n<li dir=\"ltr\">Relaci\u00f3n de Actividades y Propuestas para 2016<\/li>\n<li dir=\"ltr\"><strong>DESCANSO: 15 minutos<\/strong><\/li>\n<li dir=\"ltr\">Valoraci\u00f3n de actividades por socios<\/li>\n<li dir=\"ltr\">Actividades J\u00f3venes Valoraci\u00f3n<\/li>\n<li dir=\"ltr\">Informaci\u00f3n de la \u00faltima Asamblea Ordinaria de la Federaci\u00f3n Espa\u00f1ola de Enfermedades Metab\u00f3licas Hereditarias: Congreso Nacional Madrid Septiembre 2016.<\/li>\n<li dir=\"ltr\">Ruegos y Preguntas<\/li>\n<\/ol>\n<p>En el mail se ha incluido tambi\u00e9n un resumen de balance de cuentas para el inter\u00e9s de los socios.<\/p>\n<p>Quedamos a vuestra disposici\u00f3n para cualquier aclaraci\u00f3n necesaria.<\/p>\n<p>La Junta Directiva<\/p>\n","protected":false},"excerpt":{"rendered":"<p>Reproducimos aqu\u00ed el mail mandado a los socios el 16 de mayo de 2016. Por la presente la Junta Directiva de Asfema comunica que la Asamblea General Ordinaria de 2016 tendr\u00e1 lugar el pr\u00f3ximo\u00a0d\u00eda 4\u00a0de Junio, a las 10 horas, en el local de ASFEMA (C\/Costa del Sol 11). Si no te es posible asistir &hellip;<\/p>\n<p class=\"read-more\"> <a class=\"\" href=\"https:\/\/asfema.org\/blog\/index.php\/asamblea-2016\/\"> <span class=\"screen-reader-text\">Asamblea 2016<\/span> Read More &raquo;<\/a><\/p>\n","protected":false},"author":2,"featured_media":0,"comment_status":"open","ping_status":"open","sticky":false,"template":"","format":"standard","meta":{"site-sidebar-layout":"default","site-content-layout":"default","ast-global-header-display":"","ast-banner-title-visibility":"","ast-main-header-display":"","ast-hfb-above-header-display":"","ast-hfb-below-header-display":"","ast-hfb-mobile-header-display":"","site-post-title":"","ast-breadcrumbs-content":"","ast-featured-img":"","footer-sml-layout":"","theme-transparent-header-meta":"","adv-header-id-meta":"","stick-header-meta":"","header-above-stick-meta":"","header-main-stick-meta":"","header-below-stick-meta":"","footnotes":""},"categories":[5],"tags":[],"acf":[],"_links":{"self":[{"href":"https:\/\/asfema.org\/blog\/index.php\/wp-json\/wp\/v2\/posts\/2502"}],"collection":[{"href":"https:\/\/asfema.org\/blog\/index.php\/wp-json\/wp\/v2\/posts"}],"about":[{"href":"https:\/\/asfema.org\/blog\/index.php\/wp-json\/wp\/v2\/types\/post"}],"author":[{"embeddable":true,"href":"https:\/\/asfema.org\/blog\/index.php\/wp-json\/wp\/v2\/users\/2"}],"replies":[{"embeddable":true,"href":"https:\/\/asfema.org\/blog\/index.php\/wp-json\/wp\/v2\/comments?post=2502"}],"version-history":[{"count":1,"href":"https:\/\/asfema.org\/blog\/index.php\/wp-json\/wp\/v2\/posts\/2502\/revisions"}],"predecessor-version":[{"id":2503,"href":"https:\/\/asfema.org\/blog\/index.php\/wp-json\/wp\/v2\/posts\/2502\/revisions\/2503"}],"wp:attachment":[{"href":"https:\/\/asfema.org\/blog\/index.php\/wp-json\/wp\/v2\/media?parent=2502"}],"wp:term":[{"taxonomy":"category","embeddable":true,"href":"https:\/\/asfema.org\/blog\/index.php\/wp-json\/wp\/v2\/categories?post=2502"},{"taxonomy":"post_tag","embeddable":true,"href":"https:\/\/asfema.org\/blog\/index.php\/wp-json\/wp\/v2\/tags?post=2502"}],"curies":[{"name":"wp","href":"https:\/\/api.w.org\/{rel}","templated":true}]}}