{"id":2505,"date":"2016-06-07T10:12:27","date_gmt":"2016-06-07T10:12:27","guid":{"rendered":"https:\/\/asfema.org\/blog\/?p=2505"},"modified":"2017-05-14T11:08:52","modified_gmt":"2017-05-14T11:08:52","slug":"solidaridad-con-puerto-rico","status":"publish","type":"post","link":"https:\/\/asfema.org\/blog\/index.php\/solidaridad-con-puerto-rico\/","title":{"rendered":"Solidaridad con Puerto Rico"},"content":{"rendered":"<p>Desde ASFEMA os queremos animar encarecidamente a firmar una petici\u00f3n dirigida al gobernador de Puerto Rico. La asociaci\u00f3n de all\u00ed lucha por promover na ley que d\u00e9 amparo a los pacientes con nuestras enfermedades. La ley contemplar\u00eda ampliar el cribado neonatal, establecer una cl\u00ednica que d\u00e9 tratamiento de por vida a los pacientes con enfermedades metab\u00f3licas, que se extienda el tratamiento a los pacientes mayores de 21 a\u00f1os y que dado que la comida baja en proteina no llega all\u00ed y el costo es car\u00edsimo, que se contemplen dedcciones fiscales para las familias afectadas.<\/p>\n<p>Creemos que los afectados tenemos que permanecer unidos independientemente de las nacionalidades<\/p>\n<p><a href=\"https:\/\/www.change.org\/p\/alejandro-garcia-padilla-ayudemos-a-los-enfermos-de-pku-en-puerto-rico-a-conseguir-amparo-legal-para-su-tratamiento\">FIRMA LA PETICI\u00d3N AQU<\/a>\u00cd<\/p>\n<p><strong>Para saber m\u00e1s:<\/strong><\/p>\n<blockquote data-secret=\"JZU7Ll47OL\" class=\"wp-embedded-content\"><p><a href=\"http:\/\/www.pku.es\/pku-en-puerto-rico-luchando-por-el-derecho-a-la-salud-1\/\">PKU en Puerto Rico: luchando por el derecho a la salud (1)<\/a><\/p><\/blockquote>\n<p><iframe class=\"wp-embedded-content\" sandbox=\"allow-scripts\" security=\"restricted\" style=\"position: absolute; clip: rect(1px, 1px, 1px, 1px);\" src=\"http:\/\/www.pku.es\/pku-en-puerto-rico-luchando-por-el-derecho-a-la-salud-1\/embed\/#?secret=JZU7Ll47OL\" data-secret=\"JZU7Ll47OL\" width=\"500\" height=\"282\" title=\"&#8220;PKU en Puerto Rico: luchando por el derecho a la salud (1)&#8221; &#8212; PKU.es\" frameborder=\"0\" marginwidth=\"0\" marginheight=\"0\" scrolling=\"no\"><\/iframe><\/p>\n<blockquote data-secret=\"PRBZodRqJT\" class=\"wp-embedded-content\"><p><a href=\"http:\/\/www.pku.es\/pku-puerto-rico-luchando-derecho-la-salud-2\/\">PKU en Puerto Rico: luchando por el derecho a la salud (2)<\/a><\/p><\/blockquote>\n<p><iframe class=\"wp-embedded-content\" sandbox=\"allow-scripts\" security=\"restricted\" style=\"position: absolute; clip: rect(1px, 1px, 1px, 1px);\" src=\"http:\/\/www.pku.es\/pku-puerto-rico-luchando-derecho-la-salud-2\/embed\/#?secret=PRBZodRqJT\" data-secret=\"PRBZodRqJT\" width=\"500\" height=\"282\" title=\"&#8220;PKU en Puerto Rico: luchando por el derecho a la salud (2)&#8221; &#8212; PKU.es\" frameborder=\"0\" marginwidth=\"0\" marginheight=\"0\" scrolling=\"no\"><\/iframe><\/p>\n<blockquote data-secret=\"L32zlrtK2k\" class=\"wp-embedded-content\"><p><a href=\"http:\/\/www.pku.es\/pku-en-puerto-rico-una-lucha-por-el-derecho-a-la-salud\/\">PKU en Puerto Rico: una lucha por el derecho a la salud<\/a><\/p><\/blockquote>\n<p><iframe class=\"wp-embedded-content\" sandbox=\"allow-scripts\" security=\"restricted\" style=\"position: absolute; clip: rect(1px, 1px, 1px, 1px);\" src=\"http:\/\/www.pku.es\/pku-en-puerto-rico-una-lucha-por-el-derecho-a-la-salud\/embed\/#?secret=L32zlrtK2k\" data-secret=\"L32zlrtK2k\" width=\"500\" height=\"282\" title=\"&#8220;PKU en Puerto Rico: una lucha por el derecho a la salud&#8221; &#8212; PKU.es\" frameborder=\"0\" marginwidth=\"0\" marginheight=\"0\" scrolling=\"no\"><\/iframe><\/p>\n<p>&nbsp;<\/p>\n<p>&nbsp;<\/p>\n","protected":false},"excerpt":{"rendered":"<p>Desde ASFEMA os queremos animar encarecidamente a firmar una petici\u00f3n dirigida al gobernador de Puerto Rico. La asociaci\u00f3n de all\u00ed lucha por promover na ley que d\u00e9 amparo a los pacientes con nuestras enfermedades. La ley contemplar\u00eda ampliar el cribado neonatal, establecer una cl\u00ednica que d\u00e9 tratamiento de por vida a los pacientes con enfermedades &hellip;<\/p>\n<p class=\"read-more\"> <a class=\"\" href=\"https:\/\/asfema.org\/blog\/index.php\/solidaridad-con-puerto-rico\/\"> <span class=\"screen-reader-text\">Solidaridad con Puerto Rico<\/span> Read More &raquo;<\/a><\/p>\n","protected":false},"author":2,"featured_media":3177,"comment_status":"open","ping_status":"open","sticky":false,"template":"","format":"standard","meta":{"site-sidebar-layout":"default","site-content-layout":"default","ast-global-header-display":"","ast-banner-title-visibility":"","ast-main-header-display":"","ast-hfb-above-header-display":"","ast-hfb-below-header-display":"","ast-hfb-mobile-header-display":"","site-post-title":"","ast-breadcrumbs-content":"","ast-featured-img":"","footer-sml-layout":"","theme-transparent-header-meta":"","adv-header-id-meta":"","stick-header-meta":"","header-above-stick-meta":"","header-main-stick-meta":"","header-below-stick-meta":"","footnotes":""},"categories":[31,332,5],"tags":[16,350,247],"acf":[],"_links":{"self":[{"href":"https:\/\/asfema.org\/blog\/index.php\/wp-json\/wp\/v2\/posts\/2505"}],"collection":[{"href":"https:\/\/asfema.org\/blog\/index.php\/wp-json\/wp\/v2\/posts"}],"about":[{"href":"https:\/\/asfema.org\/blog\/index.php\/wp-json\/wp\/v2\/types\/post"}],"author":[{"embeddable":true,"href":"https:\/\/asfema.org\/blog\/index.php\/wp-json\/wp\/v2\/users\/2"}],"replies":[{"embeddable":true,"href":"https:\/\/asfema.org\/blog\/index.php\/wp-json\/wp\/v2\/comments?post=2505"}],"version-history":[{"count":1,"href":"https:\/\/asfema.org\/blog\/index.php\/wp-json\/wp\/v2\/posts\/2505\/revisions"}],"predecessor-version":[{"id":2506,"href":"https:\/\/asfema.org\/blog\/index.php\/wp-json\/wp\/v2\/posts\/2505\/revisions\/2506"}],"wp:featuredmedia":[{"embeddable":true,"href":"https:\/\/asfema.org\/blog\/index.php\/wp-json\/wp\/v2\/media\/3177"}],"wp:attachment":[{"href":"https:\/\/asfema.org\/blog\/index.php\/wp-json\/wp\/v2\/media?parent=2505"}],"wp:term":[{"taxonomy":"category","embeddable":true,"href":"https:\/\/asfema.org\/blog\/index.php\/wp-json\/wp\/v2\/categories?post=2505"},{"taxonomy":"post_tag","embeddable":true,"href":"https:\/\/asfema.org\/blog\/index.php\/wp-json\/wp\/v2\/tags?post=2505"}],"curies":[{"name":"wp","href":"https:\/\/api.w.org\/{rel}","templated":true}]}}