{"id":2548,"date":"2016-07-20T05:26:22","date_gmt":"2016-07-20T05:26:22","guid":{"rendered":"https:\/\/asfema.org\/blog\/?p=2548"},"modified":"2017-05-14T09:09:48","modified_gmt":"2017-05-14T09:09:48","slug":"apertura-del-local-en-periodo-vacacional","status":"publish","type":"post","link":"https:\/\/asfema.org\/blog\/index.php\/apertura-del-local-en-periodo-vacacional\/","title":{"rendered":"Apertura del local en periodo vacacional"},"content":{"rendered":"<p>Os informamos que durante los meses de verano el local estar\u00e1 abierto entre semana en horario habitual, esto es, los martes por la tarde, de 16 a 20 hh y los viernes por la ma\u00f1ana, de 10 a 14 hh.<br \/>\nNo se abrir\u00e1 local el s\u00e1bado. La pr\u00f3xima fecha de apertura el fin de semana ser\u00e1 el s\u00e1bado 3 de septiembre.<\/p>\n<p>\u00a1Buen verano!<\/p>\n","protected":false},"excerpt":{"rendered":"<p>Os informamos que durante los meses de verano el local estar\u00e1 abierto entre semana en horario habitual, esto es, los martes por la tarde, de 16 a 20 hh y los viernes por la ma\u00f1ana, de 10 a 14 hh. No se abrir\u00e1 local el s\u00e1bado. La pr\u00f3xima fecha de apertura el fin de semana &hellip;<\/p>\n<p class=\"read-more\"> <a class=\"\" href=\"https:\/\/asfema.org\/blog\/index.php\/apertura-del-local-en-periodo-vacacional\/\"> <span class=\"screen-reader-text\">Apertura del local en periodo vacacional<\/span> Read More &raquo;<\/a><\/p>\n","protected":false},"author":2,"featured_media":1573,"comment_status":"open","ping_status":"open","sticky":false,"template":"","format":"standard","meta":{"site-sidebar-layout":"default","site-content-layout":"default","ast-global-header-display":"","ast-banner-title-visibility":"","ast-main-header-display":"","ast-hfb-above-header-display":"","ast-hfb-below-header-display":"","ast-hfb-mobile-header-display":"","site-post-title":"","ast-breadcrumbs-content":"","ast-featured-img":"","footer-sml-layout":"","theme-transparent-header-meta":"","adv-header-id-meta":"","stick-header-meta":"","header-above-stick-meta":"","header-main-stick-meta":"","header-below-stick-meta":"","footnotes":""},"categories":[332],"tags":[],"acf":[],"_links":{"self":[{"href":"https:\/\/asfema.org\/blog\/index.php\/wp-json\/wp\/v2\/posts\/2548"}],"collection":[{"href":"https:\/\/asfema.org\/blog\/index.php\/wp-json\/wp\/v2\/posts"}],"about":[{"href":"https:\/\/asfema.org\/blog\/index.php\/wp-json\/wp\/v2\/types\/post"}],"author":[{"embeddable":true,"href":"https:\/\/asfema.org\/blog\/index.php\/wp-json\/wp\/v2\/users\/2"}],"replies":[{"embeddable":true,"href":"https:\/\/asfema.org\/blog\/index.php\/wp-json\/wp\/v2\/comments?post=2548"}],"version-history":[{"count":1,"href":"https:\/\/asfema.org\/blog\/index.php\/wp-json\/wp\/v2\/posts\/2548\/revisions"}],"predecessor-version":[{"id":2549,"href":"https:\/\/asfema.org\/blog\/index.php\/wp-json\/wp\/v2\/posts\/2548\/revisions\/2549"}],"wp:featuredmedia":[{"embeddable":true,"href":"https:\/\/asfema.org\/blog\/index.php\/wp-json\/wp\/v2\/media\/1573"}],"wp:attachment":[{"href":"https:\/\/asfema.org\/blog\/index.php\/wp-json\/wp\/v2\/media?parent=2548"}],"wp:term":[{"taxonomy":"category","embeddable":true,"href":"https:\/\/asfema.org\/blog\/index.php\/wp-json\/wp\/v2\/categories?post=2548"},{"taxonomy":"post_tag","embeddable":true,"href":"https:\/\/asfema.org\/blog\/index.php\/wp-json\/wp\/v2\/tags?post=2548"}],"curies":[{"name":"wp","href":"https:\/\/api.w.org\/{rel}","templated":true}]}}