{"id":2550,"date":"2016-07-20T05:34:33","date_gmt":"2016-07-20T05:34:33","guid":{"rendered":"https:\/\/asfema.org\/blog\/?p=2550"},"modified":"2016-07-20T05:34:33","modified_gmt":"2016-07-20T05:34:33","slug":"inscripciones-congreso-nacional-de-metabolopatias","status":"publish","type":"post","link":"https:\/\/asfema.org\/blog\/index.php\/inscripciones-congreso-nacional-de-metabolopatias\/","title":{"rendered":"Inscripciones congreso nacional de metabolopat\u00edas"},"content":{"rendered":"<p>&nbsp;<\/p>\n<p><a href=\"https:\/\/asfema.org\/blog\/wp-content\/uploads\/2016\/07\/logo_wp3.png\"><img decoding=\"async\" loading=\"lazy\" class=\"aligncenter size-full wp-image-2551\" src=\"https:\/\/asfema.org\/blog\/wp-content\/uploads\/2016\/07\/logo_wp3.png\" alt=\"logo_wp3\" width=\"433\" height=\"309\" \/><\/a><\/p>\n<p>El pr\u00f3ximo fin de semana de 9 a 11 de septiembre tendr\u00e1 lugar el XVII Congreso Nacional de Enfermedades Metab\u00f3licas Hereditarias. El lugar de encuentro ser\u00e1 Madrid (Hotel Ilunion en Avenida Pio XII), lo cual hace que nos sea m\u00e1s f\u00e1cil asistir.<\/p>\n<p>Pod\u00e9is consultar todos los detalles en <a href=\"http:\/\/congreso.metabolicos.es\/\">esta p\u00e1gina.<\/a><\/p>\n<p>El periodo de preinscripcion finaliza\u00a0<strong>el pr\u00f3ximo 31 de julio.\u00a0<\/strong>Para participar, es necesario rellenar <a href=\"http:\/\/congreso.metabolicos.es\/inscripciones-congreso-metabolicos\">el siguiente formulario.<\/a>\u00a0No lo dudes, \u00a1an\u00edmate! es una oportunidad \u00fanica para conocer a los dem\u00e1s afectados, hablar con especialistas y compartir dudas, logros y experiencias.<\/p>\n<p>&nbsp;<\/p>\n","protected":false},"excerpt":{"rendered":"<p>&nbsp; El pr\u00f3ximo fin de semana de 9 a 11 de septiembre tendr\u00e1 lugar el XVII Congreso Nacional de Enfermedades Metab\u00f3licas Hereditarias. El lugar de encuentro ser\u00e1 Madrid (Hotel Ilunion en Avenida Pio XII), lo cual hace que nos sea m\u00e1s f\u00e1cil asistir. Pod\u00e9is consultar todos los detalles en esta p\u00e1gina. El periodo de preinscripcion &hellip;<\/p>\n<p class=\"read-more\"> <a class=\"\" href=\"https:\/\/asfema.org\/blog\/index.php\/inscripciones-congreso-nacional-de-metabolopatias\/\"> <span class=\"screen-reader-text\">Inscripciones congreso nacional de metabolopat\u00edas<\/span> Read More &raquo;<\/a><\/p>\n","protected":false},"author":2,"featured_media":0,"comment_status":"open","ping_status":"open","sticky":false,"template":"","format":"standard","meta":{"site-sidebar-layout":"default","site-content-layout":"default","ast-global-header-display":"","ast-banner-title-visibility":"","ast-main-header-display":"","ast-hfb-above-header-display":"","ast-hfb-below-header-display":"","ast-hfb-mobile-header-display":"","site-post-title":"","ast-breadcrumbs-content":"","ast-featured-img":"","footer-sml-layout":"","theme-transparent-header-meta":"","adv-header-id-meta":"","stick-header-meta":"","header-above-stick-meta":"","header-main-stick-meta":"","header-below-stick-meta":"","footnotes":""},"categories":[31],"tags":[],"acf":[],"_links":{"self":[{"href":"https:\/\/asfema.org\/blog\/index.php\/wp-json\/wp\/v2\/posts\/2550"}],"collection":[{"href":"https:\/\/asfema.org\/blog\/index.php\/wp-json\/wp\/v2\/posts"}],"about":[{"href":"https:\/\/asfema.org\/blog\/index.php\/wp-json\/wp\/v2\/types\/post"}],"author":[{"embeddable":true,"href":"https:\/\/asfema.org\/blog\/index.php\/wp-json\/wp\/v2\/users\/2"}],"replies":[{"embeddable":true,"href":"https:\/\/asfema.org\/blog\/index.php\/wp-json\/wp\/v2\/comments?post=2550"}],"version-history":[{"count":1,"href":"https:\/\/asfema.org\/blog\/index.php\/wp-json\/wp\/v2\/posts\/2550\/revisions"}],"predecessor-version":[{"id":2552,"href":"https:\/\/asfema.org\/blog\/index.php\/wp-json\/wp\/v2\/posts\/2550\/revisions\/2552"}],"wp:attachment":[{"href":"https:\/\/asfema.org\/blog\/index.php\/wp-json\/wp\/v2\/media?parent=2550"}],"wp:term":[{"taxonomy":"category","embeddable":true,"href":"https:\/\/asfema.org\/blog\/index.php\/wp-json\/wp\/v2\/categories?post=2550"},{"taxonomy":"post_tag","embeddable":true,"href":"https:\/\/asfema.org\/blog\/index.php\/wp-json\/wp\/v2\/tags?post=2550"}],"curies":[{"name":"wp","href":"https:\/\/api.w.org\/{rel}","templated":true}]}}