{"id":2595,"date":"2016-09-13T12:33:33","date_gmt":"2016-09-13T12:33:33","guid":{"rendered":"https:\/\/asfema.org\/blog\/?p=2595"},"modified":"2016-09-13T12:33:33","modified_gmt":"2016-09-13T12:33:33","slug":"pedimos-a-lidl-que-mantenga-su-harina-baja-en-proteina","status":"publish","type":"post","link":"https:\/\/asfema.org\/blog\/index.php\/pedimos-a-lidl-que-mantenga-su-harina-baja-en-proteina\/","title":{"rendered":"Pedimos a LiDL que mantenga su harina baja en proteina"},"content":{"rendered":"<p>En la pagina del proyecto <a href=\"http:\/\/www.pku.es\">Fenilcetonuria<\/a>\u00a0apareci\u00f3 ayer una petici\u00f3n que creemos que ser\u00e1 de inter\u00e9s de todos nuestros socios. Se trata de\u00a0<strong>pedir que LiDL mantenga de forma permanente su harina baja en proteinas, que apareci\u00f3 hace pocas semanas en sus estantes.\u00a0<\/strong><\/p>\n<p>Para\u00a0<strong>firmar la petici\u00f3n, pulsa<a href=\"https:\/\/www.change.org\/p\/lidl-supermercados-s-a-u-mantengan-permanentemente-a-la-venta-la-harina-baja-en-prote%C3%ADnas-en-los-supermercados-lidl?recruiter=516719951&amp;utm_source=share_for_starters&amp;utm_medium=copyLink\"> aqu\u00ed<\/a><\/strong><\/p>\n<blockquote><p>A comienzos de este mes de septiembre\u00a0los supermercados LIDL han comenzado a vender harina baja en prote\u00ednas a un precio mucho m\u00e1s asequible: 1,99 euros medio kilogramo. Por este motivo le hemos enviado a trav\u00e9s de la atenci\u00f3n al cliente de su web una petici\u00f3n para que mantengan permanentemente a la venta esta harina, pero desgraciadamente no hemos recibido respuesta.<\/p>\n<p>Te pedimos que por favor apoyes nuestra petici\u00f3n de enviar a\u00a0LIDL SUPERMERCADOS, S.A.U la solicitud de mantener permanentemente a la venta la harina baja en prote\u00ednas. Tanto las personas cel\u00edacas como las que padecen fenilcetonuria se beneficiar\u00e1n de ello.<\/p><\/blockquote>\n<p>Seria magn\u00edfico que pudieramos tener esta harina al alcance de todos.<\/p>\n","protected":false},"excerpt":{"rendered":"<p>En la pagina del proyecto Fenilcetonuria\u00a0apareci\u00f3 ayer una petici\u00f3n que creemos que ser\u00e1 de inter\u00e9s de todos nuestros socios. Se trata de\u00a0pedir que LiDL mantenga de forma permanente su harina baja en proteinas, que apareci\u00f3 hace pocas semanas en sus estantes.\u00a0 Para\u00a0firmar la petici\u00f3n, pulsa aqu\u00ed A comienzos de este mes de septiembre\u00a0los supermercados LIDL &hellip;<\/p>\n<p class=\"read-more\"> <a class=\"\" href=\"https:\/\/asfema.org\/blog\/index.php\/pedimos-a-lidl-que-mantenga-su-harina-baja-en-proteina\/\"> <span class=\"screen-reader-text\">Pedimos a LiDL que mantenga su harina baja en proteina<\/span> Read More &raquo;<\/a><\/p>\n","protected":false},"author":2,"featured_media":0,"comment_status":"open","ping_status":"open","sticky":false,"template":"","format":"standard","meta":{"site-sidebar-layout":"default","site-content-layout":"default","ast-global-header-display":"","ast-banner-title-visibility":"","ast-main-header-display":"","ast-hfb-above-header-display":"","ast-hfb-below-header-display":"","ast-hfb-mobile-header-display":"","site-post-title":"","ast-breadcrumbs-content":"","ast-featured-img":"","footer-sml-layout":"","theme-transparent-header-meta":"","adv-header-id-meta":"","stick-header-meta":"","header-above-stick-meta":"","header-main-stick-meta":"","header-below-stick-meta":"","footnotes":""},"categories":[31,5],"tags":[251,252,16],"acf":[],"_links":{"self":[{"href":"https:\/\/asfema.org\/blog\/index.php\/wp-json\/wp\/v2\/posts\/2595"}],"collection":[{"href":"https:\/\/asfema.org\/blog\/index.php\/wp-json\/wp\/v2\/posts"}],"about":[{"href":"https:\/\/asfema.org\/blog\/index.php\/wp-json\/wp\/v2\/types\/post"}],"author":[{"embeddable":true,"href":"https:\/\/asfema.org\/blog\/index.php\/wp-json\/wp\/v2\/users\/2"}],"replies":[{"embeddable":true,"href":"https:\/\/asfema.org\/blog\/index.php\/wp-json\/wp\/v2\/comments?post=2595"}],"version-history":[{"count":1,"href":"https:\/\/asfema.org\/blog\/index.php\/wp-json\/wp\/v2\/posts\/2595\/revisions"}],"predecessor-version":[{"id":2596,"href":"https:\/\/asfema.org\/blog\/index.php\/wp-json\/wp\/v2\/posts\/2595\/revisions\/2596"}],"wp:attachment":[{"href":"https:\/\/asfema.org\/blog\/index.php\/wp-json\/wp\/v2\/media?parent=2595"}],"wp:term":[{"taxonomy":"category","embeddable":true,"href":"https:\/\/asfema.org\/blog\/index.php\/wp-json\/wp\/v2\/categories?post=2595"},{"taxonomy":"post_tag","embeddable":true,"href":"https:\/\/asfema.org\/blog\/index.php\/wp-json\/wp\/v2\/tags?post=2595"}],"curies":[{"name":"wp","href":"https:\/\/api.w.org\/{rel}","templated":true}]}}