{"id":2654,"date":"2016-10-14T22:31:36","date_gmt":"2016-10-14T22:31:36","guid":{"rendered":"https:\/\/asfema.org\/blog\/?p=2654"},"modified":"2017-05-14T11:40:46","modified_gmt":"2017-05-14T11:40:46","slug":"harina-baja-en-proteina-en-lidl","status":"publish","type":"post","link":"https:\/\/asfema.org\/blog\/index.php\/harina-baja-en-proteina-en-lidl\/","title":{"rendered":"Harina baja en prote\u00edna en LiDL"},"content":{"rendered":"<p>Seg\u00fan nos informan desde la p\u00e1gina de <a href=\"http:\/\/www.pku.es\">Fenilcetonuria<\/a>, LiDL respondi\u00f3 a la reciente petici\u00f3n en la que la comunidad metab\u00f3lica le ped\u00eda mantener harina baja en prote\u00edna que apareci\u00f3n en el supermercado hace unos meses. En principio, se trataba de una aparici\u00f3n puntual, pero tras el \u00e9xito de la petici\u00f3n, LiDL decidi\u00f3 mantenerla:<\/p>\n<p>Puedes leer todo aqu\u00ed:<\/p>\n<blockquote data-secret=\"GCBfUIvIea\" class=\"wp-embedded-content\"><p><a href=\"http:\/\/www.pku.es\/lidl-dijo-quiero\/\">Y LIDL dijo: S\u00cd QUIERO<\/a><\/p><\/blockquote>\n<p><iframe class=\"wp-embedded-content\" sandbox=\"allow-scripts\" security=\"restricted\" style=\"position: absolute; clip: rect(1px, 1px, 1px, 1px);\" src=\"http:\/\/www.pku.es\/lidl-dijo-quiero\/embed\/#?secret=GCBfUIvIea\" data-secret=\"GCBfUIvIea\" width=\"500\" height=\"282\" title=\"&#8220;Y LIDL dijo: S\u00cd QUIERO&#8221; &#8212; PKU.es\" frameborder=\"0\" marginwidth=\"0\" marginheight=\"0\" scrolling=\"no\"><\/iframe><\/p>\n<p>Nos parece una grand\u00edsima noticia, pues el precio de esta harina es mucho m\u00e1s bajo que otras que solemos comprar. \u00a1Gracias a LiDL por esta respuesta! \u00a0No est\u00e1 de m\u00e1s comprobar si de verdad est\u00e1 ya en las estanter\u00edas.<\/p>\n<p>&nbsp;<\/p>\n","protected":false},"excerpt":{"rendered":"<p>Seg\u00fan nos informan desde la p\u00e1gina de Fenilcetonuria, LiDL respondi\u00f3 a la reciente petici\u00f3n en la que la comunidad metab\u00f3lica le ped\u00eda mantener harina baja en prote\u00edna que apareci\u00f3n en el supermercado hace unos meses. En principio, se trataba de una aparici\u00f3n puntual, pero tras el \u00e9xito de la petici\u00f3n, LiDL decidi\u00f3 mantenerla: Puedes leer &hellip;<\/p>\n<p class=\"read-more\"> <a class=\"\" href=\"https:\/\/asfema.org\/blog\/index.php\/harina-baja-en-proteina-en-lidl\/\"> <span class=\"screen-reader-text\">Harina baja en prote\u00edna en LiDL<\/span> Read More &raquo;<\/a><\/p>\n","protected":false},"author":2,"featured_media":3194,"comment_status":"open","ping_status":"open","sticky":false,"template":"","format":"standard","meta":{"site-sidebar-layout":"default","site-content-layout":"default","ast-global-header-display":"","ast-banner-title-visibility":"","ast-main-header-display":"","ast-hfb-above-header-display":"","ast-hfb-below-header-display":"","ast-hfb-mobile-header-display":"","site-post-title":"","ast-breadcrumbs-content":"","ast-featured-img":"","footer-sml-layout":"","theme-transparent-header-meta":"","adv-header-id-meta":"","stick-header-meta":"","header-above-stick-meta":"","header-main-stick-meta":"","header-below-stick-meta":"","footnotes":""},"categories":[1],"tags":[254,255,16],"acf":[],"_links":{"self":[{"href":"https:\/\/asfema.org\/blog\/index.php\/wp-json\/wp\/v2\/posts\/2654"}],"collection":[{"href":"https:\/\/asfema.org\/blog\/index.php\/wp-json\/wp\/v2\/posts"}],"about":[{"href":"https:\/\/asfema.org\/blog\/index.php\/wp-json\/wp\/v2\/types\/post"}],"author":[{"embeddable":true,"href":"https:\/\/asfema.org\/blog\/index.php\/wp-json\/wp\/v2\/users\/2"}],"replies":[{"embeddable":true,"href":"https:\/\/asfema.org\/blog\/index.php\/wp-json\/wp\/v2\/comments?post=2654"}],"version-history":[{"count":1,"href":"https:\/\/asfema.org\/blog\/index.php\/wp-json\/wp\/v2\/posts\/2654\/revisions"}],"predecessor-version":[{"id":2655,"href":"https:\/\/asfema.org\/blog\/index.php\/wp-json\/wp\/v2\/posts\/2654\/revisions\/2655"}],"wp:featuredmedia":[{"embeddable":true,"href":"https:\/\/asfema.org\/blog\/index.php\/wp-json\/wp\/v2\/media\/3194"}],"wp:attachment":[{"href":"https:\/\/asfema.org\/blog\/index.php\/wp-json\/wp\/v2\/media?parent=2654"}],"wp:term":[{"taxonomy":"category","embeddable":true,"href":"https:\/\/asfema.org\/blog\/index.php\/wp-json\/wp\/v2\/categories?post=2654"},{"taxonomy":"post_tag","embeddable":true,"href":"https:\/\/asfema.org\/blog\/index.php\/wp-json\/wp\/v2\/tags?post=2654"}],"curies":[{"name":"wp","href":"https:\/\/api.w.org\/{rel}","templated":true}]}}