{"id":2682,"date":"2016-11-25T11:12:36","date_gmt":"2016-11-25T11:12:36","guid":{"rendered":"https:\/\/asfema.org\/blog\/?p=2682"},"modified":"2017-05-14T10:47:08","modified_gmt":"2017-05-14T10:47:08","slug":"30-cumpleanos-asfema","status":"publish","type":"post","link":"https:\/\/asfema.org\/blog\/index.php\/30-cumpleanos-asfema\/","title":{"rendered":"30 CUMPLEA\u00d1OS ASFEMA"},"content":{"rendered":"<p>Este a\u00f1o ASFEMA est\u00e1 de celebraci\u00f3n, CUMPLIMOS 30 A\u00d1OS!!<\/p>\n<p>Hace 30 a\u00f1os que un grupo de pap\u00e1s unieron fuerzas buscando el bienestar de sus hijos. Hoy en d\u00eda seguimos luchando por todos aquellos que padecen una enfermedad metab\u00f3lica y sus familias. Seguir\u00e1n existiendo barreras pero poco a poco vamos saltando todas ellas y super\u00e1ndonos d\u00eda a d\u00eda.<\/p>\n<p>ASFEMA, hoy en d\u00eda cuenta con cerca de 120 socios, y la Junta Directiva actual, igual que todas las anteriores, los voluntarios y el trabajador social velan porque todos ellos se sientan satisfechos.<\/p>\n<p>Un d\u00eda as\u00ed no pod\u00eda pasar por alto, \u00a0ASFEMA celebrar\u00e1 un peque\u00f1o encuentro de Socios, familiares, m\u00e9dicos, proveedores, especialistas,&#8230;el d\u00eda\u00a0<u><strong>17 de diciembre en horario de 11:00 a 14:00 en el\u00a0Sal\u00f3n de Actos de la Fundaci\u00f3n Once, sito en la calle Sebasti\u00e1n Herrera, 15<\/strong><\/u>. Contaremos con un peque\u00f1o catering metab\u00f3lico y no metab\u00f3lico.<\/p>\n<p>Queremos preparar un <strong>mural con fotos<\/strong> as\u00ed que os rogamos que rebusqu\u00e9is un poco en \u00a0\u00e1lbumes y nos las env\u00edes (contacto@asfema.org) lo antes posible, con datos de donde fue tomada, evento, fecha&#8230;&#8230;todo lo que pod\u00e1is recordar<\/p>\n<p>Para aquellos padres que levantaron la asociaci\u00f3n: nos gustar\u00eda que nos dedicaran unas palabras, un peque\u00f1o discurso, an\u00e9cdotas, fotos para que todo el mundo pueda conocer c\u00f3mo\u00a0fueron esos comienzos. Necesitamos que previamente nos los envien por mail, para poder organizarlo bien y que todo el mundo que quiera hablar tenga tiempo disponible.<\/p>\n<p>Los ni\u00f1os tambi\u00e9n podr\u00e1n asistir al evento.<\/p>\n<p>Rogamos confirmen asistencia y n\u00famero de personas, antes del d\u00eda 8 de diciembre a trav\u00e9s del mail\u00a0<a href=\"mailto:contacto@asfema.org\">contacto@asfema.org<\/a>\u00a0o en el tel\u00e9fono 677 00 46 61.<\/p>\n<p><u><strong>Recuerda:<\/strong>\u00a0<strong>17 de diciembre de 11:00 a 14:00 en el\u00a0Sal\u00f3n de Actos de la Fundaci\u00f3n Once, sito en la calle Sebasti\u00e1n Herrera, 15<\/strong><\/u>.<\/p>\n<p>Nos vemos el d\u00eda 17.<\/p>\n","protected":false},"excerpt":{"rendered":"<p>Este a\u00f1o ASFEMA est\u00e1 de celebraci\u00f3n, CUMPLIMOS 30 A\u00d1OS!! Hace 30 a\u00f1os que un grupo de pap\u00e1s unieron fuerzas buscando el bienestar de sus hijos. Hoy en d\u00eda seguimos luchando por todos aquellos que padecen una enfermedad metab\u00f3lica y sus familias. Seguir\u00e1n existiendo barreras pero poco a poco vamos saltando todas ellas y super\u00e1ndonos d\u00eda &hellip;<\/p>\n<p class=\"read-more\"> <a class=\"\" href=\"https:\/\/asfema.org\/blog\/index.php\/30-cumpleanos-asfema\/\"> <span class=\"screen-reader-text\">30 CUMPLEA\u00d1OS ASFEMA<\/span> Read More &raquo;<\/a><\/p>\n","protected":false},"author":2,"featured_media":2449,"comment_status":"open","ping_status":"open","sticky":false,"template":"","format":"standard","meta":{"site-sidebar-layout":"default","site-content-layout":"default","ast-global-header-display":"","ast-banner-title-visibility":"","ast-main-header-display":"","ast-hfb-above-header-display":"","ast-hfb-below-header-display":"","ast-hfb-mobile-header-display":"","site-post-title":"","ast-breadcrumbs-content":"","ast-featured-img":"","footer-sml-layout":"","theme-transparent-header-meta":"","adv-header-id-meta":"","stick-header-meta":"","header-above-stick-meta":"","header-main-stick-meta":"","header-below-stick-meta":"","footnotes":""},"categories":[31,332],"tags":[],"acf":[],"_links":{"self":[{"href":"https:\/\/asfema.org\/blog\/index.php\/wp-json\/wp\/v2\/posts\/2682"}],"collection":[{"href":"https:\/\/asfema.org\/blog\/index.php\/wp-json\/wp\/v2\/posts"}],"about":[{"href":"https:\/\/asfema.org\/blog\/index.php\/wp-json\/wp\/v2\/types\/post"}],"author":[{"embeddable":true,"href":"https:\/\/asfema.org\/blog\/index.php\/wp-json\/wp\/v2\/users\/2"}],"replies":[{"embeddable":true,"href":"https:\/\/asfema.org\/blog\/index.php\/wp-json\/wp\/v2\/comments?post=2682"}],"version-history":[{"count":1,"href":"https:\/\/asfema.org\/blog\/index.php\/wp-json\/wp\/v2\/posts\/2682\/revisions"}],"predecessor-version":[{"id":2683,"href":"https:\/\/asfema.org\/blog\/index.php\/wp-json\/wp\/v2\/posts\/2682\/revisions\/2683"}],"wp:featuredmedia":[{"embeddable":true,"href":"https:\/\/asfema.org\/blog\/index.php\/wp-json\/wp\/v2\/media\/2449"}],"wp:attachment":[{"href":"https:\/\/asfema.org\/blog\/index.php\/wp-json\/wp\/v2\/media?parent=2682"}],"wp:term":[{"taxonomy":"category","embeddable":true,"href":"https:\/\/asfema.org\/blog\/index.php\/wp-json\/wp\/v2\/categories?post=2682"},{"taxonomy":"post_tag","embeddable":true,"href":"https:\/\/asfema.org\/blog\/index.php\/wp-json\/wp\/v2\/tags?post=2682"}],"curies":[{"name":"wp","href":"https:\/\/api.w.org\/{rel}","templated":true}]}}