{"id":2727,"date":"2017-01-05T10:15:00","date_gmt":"2017-01-05T10:15:00","guid":{"rendered":"https:\/\/asfema.org\/blog\/?p=2727"},"modified":"2017-05-14T12:07:25","modified_gmt":"2017-05-14T12:07:25","slug":"taller-de-cocina-con-aline-el-proximo-21-de-enero","status":"publish","type":"post","link":"https:\/\/asfema.org\/blog\/index.php\/taller-de-cocina-con-aline-el-proximo-21-de-enero\/","title":{"rendered":"Taller de cocina con Aline el pr\u00f3ximo 21 de enero"},"content":{"rendered":"<p><strong>Queda abierto plazo de inscripci\u00f3n para el pr\u00f3ximo taller de Aline, el 21 de enero a las 11 horas en estudio Pluis de Cuisine.\u00a0<\/strong><\/p>\n<p>EL primer taller de a\u00f1o 2017 se celebrar\u00e1 el 21 de enero en el estudio Plus de Cuisine, que est\u00e1 en C\/Cerro del Casta\u00f1ar 58, en Madrid (parada Mirasierra). Pod\u00e9is comprobar c\u00f3mo llegar <a href=\"http:\/\/plus-de-cuisine.com\/d%C3%B3nde%20estamos-2.html\">aqu\u00ed.\u00a0<\/a><br \/>\n<iframe loading=\"lazy\" style=\"border: 0;\" src=\"https:\/\/www.google.com\/maps\/embed?pb=!1m18!1m12!1m3!1d3034.29868907133!2d-3.7137571846018225!3d40.49077767935668!2m3!1f0!2f0!3f0!3m2!1i1024!2i768!4f13.1!3m3!1m2!1s0xd42298647a72a67%3A0x7604dac2c7ac867!2sCalle+Cerro+del+Casta%C3%B1ar%2C+58%2C+28034+Madrid!5e0!3m2!1ses!2ses!4v1483610814711\" width=\"600\" height=\"450\" frameborder=\"0\" allowfullscreen=\"allowfullscreen\"><\/iframe><\/p>\n<p>El taller estar\u00e1 dirigido a padres y pacientes mayores de edad (o en todo caso casi mayores). Esta vez vamos a preparar unas alb\u00f3ndigas de coliflor y un postre del que informaremos pr\u00f3ximamente. Ambas recetas se subir\u00e1n a nuestra p\u00e1gina.<\/p>\n<p>Debido a que el espacio es peque\u00f1o, rogamos confirmen su asistencia mandando un email a contacto@asfema.org<\/p>\n<p>Decidir\u00e1 el orden de inscripci\u00f3n. Recordad que pod\u00e9is traer tapers para guardar la comida despu\u00e9s. Pedimos puntualidad.<\/p>\n<p>&nbsp;<\/p>\n<p>&nbsp;<\/p>\n","protected":false},"excerpt":{"rendered":"<p>Queda abierto plazo de inscripci\u00f3n para el pr\u00f3ximo taller de Aline, el 21 de enero a las 11 horas en estudio Pluis de Cuisine.\u00a0 EL primer taller de a\u00f1o 2017 se celebrar\u00e1 el 21 de enero en el estudio Plus de Cuisine, que est\u00e1 en C\/Cerro del Casta\u00f1ar 58, en Madrid (parada Mirasierra). Pod\u00e9is comprobar &hellip;<\/p>\n<p class=\"read-more\"> <a class=\"\" href=\"https:\/\/asfema.org\/blog\/index.php\/taller-de-cocina-con-aline-el-proximo-21-de-enero\/\"> <span class=\"screen-reader-text\">Taller de cocina con Aline el pr\u00f3ximo 21 de enero<\/span> Read More &raquo;<\/a><\/p>\n","protected":false},"author":2,"featured_media":3047,"comment_status":"open","ping_status":"open","sticky":false,"template":"","format":"standard","meta":{"site-sidebar-layout":"default","site-content-layout":"default","ast-global-header-display":"","ast-banner-title-visibility":"","ast-main-header-display":"","ast-hfb-above-header-display":"","ast-hfb-below-header-display":"","ast-hfb-mobile-header-display":"","site-post-title":"","ast-breadcrumbs-content":"","ast-featured-img":"","footer-sml-layout":"","theme-transparent-header-meta":"","adv-header-id-meta":"","stick-header-meta":"","header-above-stick-meta":"","header-main-stick-meta":"","header-below-stick-meta":"","footnotes":""},"categories":[31,332],"tags":[32,273,274,240,272],"acf":[],"_links":{"self":[{"href":"https:\/\/asfema.org\/blog\/index.php\/wp-json\/wp\/v2\/posts\/2727"}],"collection":[{"href":"https:\/\/asfema.org\/blog\/index.php\/wp-json\/wp\/v2\/posts"}],"about":[{"href":"https:\/\/asfema.org\/blog\/index.php\/wp-json\/wp\/v2\/types\/post"}],"author":[{"embeddable":true,"href":"https:\/\/asfema.org\/blog\/index.php\/wp-json\/wp\/v2\/users\/2"}],"replies":[{"embeddable":true,"href":"https:\/\/asfema.org\/blog\/index.php\/wp-json\/wp\/v2\/comments?post=2727"}],"version-history":[{"count":3,"href":"https:\/\/asfema.org\/blog\/index.php\/wp-json\/wp\/v2\/posts\/2727\/revisions"}],"predecessor-version":[{"id":2730,"href":"https:\/\/asfema.org\/blog\/index.php\/wp-json\/wp\/v2\/posts\/2727\/revisions\/2730"}],"wp:featuredmedia":[{"embeddable":true,"href":"https:\/\/asfema.org\/blog\/index.php\/wp-json\/wp\/v2\/media\/3047"}],"wp:attachment":[{"href":"https:\/\/asfema.org\/blog\/index.php\/wp-json\/wp\/v2\/media?parent=2727"}],"wp:term":[{"taxonomy":"category","embeddable":true,"href":"https:\/\/asfema.org\/blog\/index.php\/wp-json\/wp\/v2\/categories?post=2727"},{"taxonomy":"post_tag","embeddable":true,"href":"https:\/\/asfema.org\/blog\/index.php\/wp-json\/wp\/v2\/tags?post=2727"}],"curies":[{"name":"wp","href":"https:\/\/api.w.org\/{rel}","templated":true}]}}