{"id":2959,"date":"2017-05-04T18:29:49","date_gmt":"2017-05-04T18:29:49","guid":{"rendered":"https:\/\/asfema.org\/blog\/?p=2959"},"modified":"2017-06-02T06:04:21","modified_gmt":"2017-06-02T06:04:21","slug":"fotos-de-la-v-ciclomarcha-por-las-enfermedades-raras-metabolicas","status":"publish","type":"post","link":"https:\/\/asfema.org\/blog\/index.php\/fotos-de-la-v-ciclomarcha-por-las-enfermedades-raras-metabolicas\/","title":{"rendered":"Fotos de la V Ciclomarcha por las Enfermedades Raras Metab\u00f3licas"},"content":{"rendered":"<p>Ya tenemos listas las fotos de la 5\u00aa edici\u00f3n de nuestra ciclomarcha por las Enfermedades Raras Metab\u00f3licas que tuvo lugar el pasado d\u00eda 23 de abril, en El Tiemblo (\u00c1vila).<\/p>\n<p>&nbsp;<\/p>\n<p><a title=\"V Ciclomarcha ASFEMA 2017\" href=\"https:\/\/www.flickr.com\/gp\/asfema\/827P7h\" data-flickr-embed=\"true\" data-header=\"true\" data-footer=\"true\"><img decoding=\"async\" loading=\"lazy\" src=\"https:\/\/c1.staticflickr.com\/5\/4188\/33640601673_442e2332bf.jpg\" alt=\"V Ciclomarcha ASFEMA 2017\" width=\"500\" height=\"333\" \/><\/a><script async src=\"\/\/embedr.flickr.com\/assets\/client-code.js\" charset=\"utf-8\"><\/script><\/p>\n<p>Haciendo clic sobre la foto podr\u00e9is acceder a la galer\u00eda completa en Flickr.<\/p>\n<p>\u00a1Muchas gracias a todos por vuestra participaci\u00f3n\u00a1<\/p>\n<p>Nos vemos el a\u00f1o que viene<\/p>\n","protected":false},"excerpt":{"rendered":"<p>Ya tenemos listas las fotos de la 5\u00aa edici\u00f3n de nuestra ciclomarcha por las Enfermedades Raras Metab\u00f3licas que tuvo lugar el pasado d\u00eda 23 de abril, en El Tiemblo (\u00c1vila). &nbsp; Haciendo clic sobre la foto podr\u00e9is acceder a la galer\u00eda completa en Flickr. \u00a1Muchas gracias a todos por vuestra participaci\u00f3n\u00a1 Nos vemos el a\u00f1o &hellip;<\/p>\n<p class=\"read-more\"> <a class=\"\" href=\"https:\/\/asfema.org\/blog\/index.php\/fotos-de-la-v-ciclomarcha-por-las-enfermedades-raras-metabolicas\/\"> <span class=\"screen-reader-text\">Fotos de la V Ciclomarcha por las Enfermedades Raras Metab\u00f3licas<\/span> Read More &raquo;<\/a><\/p>\n","protected":false},"author":1,"featured_media":3011,"comment_status":"open","ping_status":"open","sticky":false,"template":"","format":"standard","meta":{"site-sidebar-layout":"default","site-content-layout":"default","ast-global-header-display":"","ast-banner-title-visibility":"","ast-main-header-display":"","ast-hfb-above-header-display":"","ast-hfb-below-header-display":"","ast-hfb-mobile-header-display":"","site-post-title":"","ast-breadcrumbs-content":"","ast-featured-img":"","footer-sml-layout":"","theme-transparent-header-meta":"","adv-header-id-meta":"","stick-header-meta":"","header-above-stick-meta":"","header-main-stick-meta":"","header-below-stick-meta":"","footnotes":""},"categories":[31,5,284],"tags":[59,133,139],"acf":[],"_links":{"self":[{"href":"https:\/\/asfema.org\/blog\/index.php\/wp-json\/wp\/v2\/posts\/2959"}],"collection":[{"href":"https:\/\/asfema.org\/blog\/index.php\/wp-json\/wp\/v2\/posts"}],"about":[{"href":"https:\/\/asfema.org\/blog\/index.php\/wp-json\/wp\/v2\/types\/post"}],"author":[{"embeddable":true,"href":"https:\/\/asfema.org\/blog\/index.php\/wp-json\/wp\/v2\/users\/1"}],"replies":[{"embeddable":true,"href":"https:\/\/asfema.org\/blog\/index.php\/wp-json\/wp\/v2\/comments?post=2959"}],"version-history":[{"count":2,"href":"https:\/\/asfema.org\/blog\/index.php\/wp-json\/wp\/v2\/posts\/2959\/revisions"}],"predecessor-version":[{"id":2961,"href":"https:\/\/asfema.org\/blog\/index.php\/wp-json\/wp\/v2\/posts\/2959\/revisions\/2961"}],"wp:featuredmedia":[{"embeddable":true,"href":"https:\/\/asfema.org\/blog\/index.php\/wp-json\/wp\/v2\/media\/3011"}],"wp:attachment":[{"href":"https:\/\/asfema.org\/blog\/index.php\/wp-json\/wp\/v2\/media?parent=2959"}],"wp:term":[{"taxonomy":"category","embeddable":true,"href":"https:\/\/asfema.org\/blog\/index.php\/wp-json\/wp\/v2\/categories?post=2959"},{"taxonomy":"post_tag","embeddable":true,"href":"https:\/\/asfema.org\/blog\/index.php\/wp-json\/wp\/v2\/tags?post=2959"}],"curies":[{"name":"wp","href":"https:\/\/api.w.org\/{rel}","templated":true}]}}