{"id":3308,"date":"2017-06-04T07:21:52","date_gmt":"2017-06-04T07:21:52","guid":{"rendered":"https:\/\/asfema.org\/blog\/?p=3308"},"modified":"2017-06-04T07:21:52","modified_gmt":"2017-06-04T07:21:52","slug":"carrera-escolar-de-ceip-valdebernardo-solidaria-con-asfema","status":"publish","type":"post","link":"https:\/\/asfema.org\/blog\/index.php\/carrera-escolar-de-ceip-valdebernardo-solidaria-con-asfema\/","title":{"rendered":"Carrera Escolar de CEIP Valdebernardo solidaria con ASFEMA"},"content":{"rendered":"<p>El pasado 3 de junio tuvo lugar la XVII carrera escolar, organizada por el AMPA de C.E.I.P Valdebernardo. Aunque la inscripci\u00f3n fue gratuita, la asociaci\u00f3n colabor\u00f3 con ASFEMA y recaud\u00f3 fondos para nuestra asociaci\u00f3n.<\/p>\n<p>Pod\u00e9is conocer al AMPA <a href=\"https:\/\/ampavaldebernardo.wordpress.com\/\">en su p\u00e1gina web.<\/a><\/p>\n<p>ASFEMA estuvo en la carrera con su stand. <strong>Queremos agradecer a la asociaci\u00f3n su solidaridad y el apoyo, agradecer el inter\u00e9s de los participantes y dar enorabuena a los ganadores, corredores y corredoras y a los organizadores por este bonito evento.<\/strong><\/p>\n<div id='gallery-1' class='gallery galleryid-3308 gallery-columns-3 gallery-size-medium'><figure class='gallery-item'>\n\t\t\t<div class='gallery-icon landscape'>\n\t\t\t\t<a href='https:\/\/asfema.org\/blog\/img-20170603-wa0013\/'><img width=\"850\" height=\"478\" src=\"https:\/\/asfema.org\/blog\/wp-content\/uploads\/2017\/06\/IMG-20170603-WA0013-850x478.jpg\" class=\"attachment-medium size-medium\" alt=\"\" decoding=\"async\" loading=\"lazy\" srcset=\"https:\/\/asfema.org\/blog\/wp-content\/uploads\/2017\/06\/IMG-20170603-WA0013-850x478.jpg 850w, https:\/\/asfema.org\/blog\/wp-content\/uploads\/2017\/06\/IMG-20170603-WA0013-1200x675.jpg 1200w, https:\/\/asfema.org\/blog\/wp-content\/uploads\/2017\/06\/IMG-20170603-WA0013-250x141.jpg 250w, https:\/\/asfema.org\/blog\/wp-content\/uploads\/2017\/06\/IMG-20170603-WA0013-800x450.jpg 800w\" sizes=\"(max-width: 850px) 100vw, 850px\" \/><\/a>\n\t\t\t<\/div><\/figure><figure class='gallery-item'>\n\t\t\t<div class='gallery-icon landscape'>\n\t\t\t\t<a href='https:\/\/asfema.org\/blog\/img-20170603-wa0011\/'><img width=\"850\" height=\"478\" src=\"https:\/\/asfema.org\/blog\/wp-content\/uploads\/2017\/06\/IMG-20170603-WA0011-850x478.jpg\" class=\"attachment-medium size-medium\" alt=\"\" decoding=\"async\" loading=\"lazy\" srcset=\"https:\/\/asfema.org\/blog\/wp-content\/uploads\/2017\/06\/IMG-20170603-WA0011-850x478.jpg 850w, https:\/\/asfema.org\/blog\/wp-content\/uploads\/2017\/06\/IMG-20170603-WA0011-1200x675.jpg 1200w, https:\/\/asfema.org\/blog\/wp-content\/uploads\/2017\/06\/IMG-20170603-WA0011-250x141.jpg 250w, https:\/\/asfema.org\/blog\/wp-content\/uploads\/2017\/06\/IMG-20170603-WA0011-800x450.jpg 800w\" sizes=\"(max-width: 850px) 100vw, 850px\" \/><\/a>\n\t\t\t<\/div><\/figure><figure class='gallery-item'>\n\t\t\t<div class='gallery-icon landscape'>\n\t\t\t\t<a href='https:\/\/asfema.org\/blog\/img-20170603-wa0010\/'><img width=\"850\" height=\"478\" src=\"https:\/\/asfema.org\/blog\/wp-content\/uploads\/2017\/06\/IMG-20170603-WA0010-850x478.jpg\" class=\"attachment-medium size-medium\" alt=\"\" decoding=\"async\" loading=\"lazy\" srcset=\"https:\/\/asfema.org\/blog\/wp-content\/uploads\/2017\/06\/IMG-20170603-WA0010-850x478.jpg 850w, https:\/\/asfema.org\/blog\/wp-content\/uploads\/2017\/06\/IMG-20170603-WA0010-1200x675.jpg 1200w, https:\/\/asfema.org\/blog\/wp-content\/uploads\/2017\/06\/IMG-20170603-WA0010-250x141.jpg 250w, https:\/\/asfema.org\/blog\/wp-content\/uploads\/2017\/06\/IMG-20170603-WA0010-800x450.jpg 800w\" sizes=\"(max-width: 850px) 100vw, 850px\" \/><\/a>\n\t\t\t<\/div><\/figure><figure class='gallery-item'>\n\t\t\t<div class='gallery-icon landscape'>\n\t\t\t\t<a href='https:\/\/asfema.org\/blog\/img-20170603-wa0009\/'><img width=\"850\" height=\"478\" src=\"https:\/\/asfema.org\/blog\/wp-content\/uploads\/2017\/06\/IMG-20170603-WA0009-850x478.jpg\" class=\"attachment-medium size-medium\" alt=\"\" decoding=\"async\" loading=\"lazy\" srcset=\"https:\/\/asfema.org\/blog\/wp-content\/uploads\/2017\/06\/IMG-20170603-WA0009-850x478.jpg 850w, https:\/\/asfema.org\/blog\/wp-content\/uploads\/2017\/06\/IMG-20170603-WA0009-1200x675.jpg 1200w, https:\/\/asfema.org\/blog\/wp-content\/uploads\/2017\/06\/IMG-20170603-WA0009-250x141.jpg 250w, https:\/\/asfema.org\/blog\/wp-content\/uploads\/2017\/06\/IMG-20170603-WA0009-768x432.jpg 768w, https:\/\/asfema.org\/blog\/wp-content\/uploads\/2017\/06\/IMG-20170603-WA0009-1536x864.jpg 1536w, https:\/\/asfema.org\/blog\/wp-content\/uploads\/2017\/06\/IMG-20170603-WA0009-800x450.jpg 800w, https:\/\/asfema.org\/blog\/wp-content\/uploads\/2017\/06\/IMG-20170603-WA0009.jpg 1600w\" sizes=\"(max-width: 850px) 100vw, 850px\" \/><\/a>\n\t\t\t<\/div><\/figure><figure class='gallery-item'>\n\t\t\t<div class='gallery-icon portrait'>\n\t\t\t\t<a href='https:\/\/asfema.org\/blog\/img-20170603-wa0008\/'><img width=\"850\" height=\"478\" src=\"https:\/\/asfema.org\/blog\/wp-content\/uploads\/2017\/06\/IMG-20170603-WA0008-850x478.jpg\" class=\"attachment-medium size-medium\" alt=\"\" decoding=\"async\" loading=\"lazy\" srcset=\"https:\/\/asfema.org\/blog\/wp-content\/uploads\/2017\/06\/IMG-20170603-WA0008-850x478.jpg 850w, https:\/\/asfema.org\/blog\/wp-content\/uploads\/2017\/06\/IMG-20170603-WA0008-1200x675.jpg 1200w, https:\/\/asfema.org\/blog\/wp-content\/uploads\/2017\/06\/IMG-20170603-WA0008-250x141.jpg 250w, https:\/\/asfema.org\/blog\/wp-content\/uploads\/2017\/06\/IMG-20170603-WA0008-800x450.jpg 800w\" sizes=\"(max-width: 850px) 100vw, 850px\" \/><\/a>\n\t\t\t<\/div><\/figure>\n\t\t<\/div>\n\n","protected":false},"excerpt":{"rendered":"<p>El pasado 3 de junio tuvo lugar la XVII carrera escolar, organizada por el AMPA de C.E.I.P Valdebernardo. Aunque la inscripci\u00f3n fue gratuita, la asociaci\u00f3n colabor\u00f3 con ASFEMA y recaud\u00f3 fondos para nuestra asociaci\u00f3n. Pod\u00e9is conocer al AMPA en su p\u00e1gina web. ASFEMA estuvo en la carrera con su stand. Queremos agradecer a la asociaci\u00f3n &hellip;<\/p>\n<p class=\"read-more\"> <a class=\"\" href=\"https:\/\/asfema.org\/blog\/index.php\/carrera-escolar-de-ceip-valdebernardo-solidaria-con-asfema\/\"> <span class=\"screen-reader-text\">Carrera Escolar de CEIP Valdebernardo solidaria con ASFEMA<\/span> Read More &raquo;<\/a><\/p>\n","protected":false},"author":2,"featured_media":3305,"comment_status":"open","ping_status":"open","sticky":false,"template":"","format":"standard","meta":{"site-sidebar-layout":"default","site-content-layout":"default","ast-global-header-display":"","ast-banner-title-visibility":"","ast-main-header-display":"","ast-hfb-above-header-display":"","ast-hfb-below-header-display":"","ast-hfb-mobile-header-display":"","site-post-title":"","ast-breadcrumbs-content":"","ast-featured-img":"","footer-sml-layout":"","theme-transparent-header-meta":"","adv-header-id-meta":"","stick-header-meta":"","header-above-stick-meta":"","header-main-stick-meta":"","header-below-stick-meta":"","footnotes":""},"categories":[31],"tags":[32,363,364],"acf":[],"_links":{"self":[{"href":"https:\/\/asfema.org\/blog\/index.php\/wp-json\/wp\/v2\/posts\/3308"}],"collection":[{"href":"https:\/\/asfema.org\/blog\/index.php\/wp-json\/wp\/v2\/posts"}],"about":[{"href":"https:\/\/asfema.org\/blog\/index.php\/wp-json\/wp\/v2\/types\/post"}],"author":[{"embeddable":true,"href":"https:\/\/asfema.org\/blog\/index.php\/wp-json\/wp\/v2\/users\/2"}],"replies":[{"embeddable":true,"href":"https:\/\/asfema.org\/blog\/index.php\/wp-json\/wp\/v2\/comments?post=3308"}],"version-history":[{"count":1,"href":"https:\/\/asfema.org\/blog\/index.php\/wp-json\/wp\/v2\/posts\/3308\/revisions"}],"predecessor-version":[{"id":3309,"href":"https:\/\/asfema.org\/blog\/index.php\/wp-json\/wp\/v2\/posts\/3308\/revisions\/3309"}],"wp:featuredmedia":[{"embeddable":true,"href":"https:\/\/asfema.org\/blog\/index.php\/wp-json\/wp\/v2\/media\/3305"}],"wp:attachment":[{"href":"https:\/\/asfema.org\/blog\/index.php\/wp-json\/wp\/v2\/media?parent=3308"}],"wp:term":[{"taxonomy":"category","embeddable":true,"href":"https:\/\/asfema.org\/blog\/index.php\/wp-json\/wp\/v2\/categories?post=3308"},{"taxonomy":"post_tag","embeddable":true,"href":"https:\/\/asfema.org\/blog\/index.php\/wp-json\/wp\/v2\/tags?post=3308"}],"curies":[{"name":"wp","href":"https:\/\/api.w.org\/{rel}","templated":true}]}}