{"id":3322,"date":"2017-06-21T08:49:05","date_gmt":"2017-06-21T08:49:05","guid":{"rendered":"https:\/\/asfema.org\/blog\/?p=3322"},"modified":"2017-06-21T08:49:05","modified_gmt":"2017-06-21T08:49:05","slug":"reto-solidario-camino-de-santiago-julio-2017","status":"publish","type":"post","link":"https:\/\/asfema.org\/blog\/index.php\/reto-solidario-camino-de-santiago-julio-2017\/","title":{"rendered":"Reto solidario Camino de Santiago julio 2017"},"content":{"rendered":"<p><span style=\"color: black; font-family: Arial,sans-serif; font-size: small;\"><span style=\"color: black; font-family: Arial,sans-serif; font-size: small;\">Con salida desde Le\u00f3n el 16 de julio, Lidia N\u00fa\u00f1ez, como peregrina solidaria,<\/span><span style=\"color: black; font-family: Arial,sans-serif; font-size: small;\"> se ha propuesto el reto de llegar caminando hasta Santiago de Compostela el 30\/31 de julio. <\/span><\/span><\/p>\n<p><span style=\"color: black; font-family: Arial,sans-serif; font-size: small;\"><span style=\"color: black; font-family: Arial,sans-serif; font-size: small;\">Su intenci\u00f3n es aprovechar esta experiencia para aportar su grano de arena a dos asociaciones a las que donara lo recaudado y entre la que nos encontramos: <\/span><\/span><\/p>\n<div><span style=\"font-family: Times New Roman,serif; font-size: medium;\"> <span style=\"color: black; font-family: Arial,sans-serif; font-size: small;\"><span style=\"font-family: Times New Roman,serif; font-size: medium;\"><span style=\"color: black; font-family: Arial,sans-serif; font-size: small;\">&#8211;<\/span><b> <\/b><span style=\"font-family: Arial,sans-serif; font-size: small;\"><span style=\"color: #003399; font-family: Arial,sans-serif;\"><b>Asociaci\u00f3n Asfema<\/b><\/span><\/span><\/span><br \/>\n&#8211;<\/span><b><i> <\/i><\/b><span style=\"font-family: Arial,sans-serif; font-size: small;\"><span style=\"color: #003399; font-family: Arial,sans-serif;\"><b>Fundaci\u00f3n Cadete<\/b><\/span><\/span><span style=\"color: black; font-family: Arial,sans-serif; font-size: small;\"><br \/>\n<\/span><span style=\"color: black; font-family: Arial,sans-serif; font-size: small;\"><br \/>\n<\/span><\/span><\/div>\n<div><span style=\"font-family: Times New Roman,serif; font-size: medium;\"><span style=\"color: black; font-family: Arial,sans-serif; font-size: small;\">Para colaborar con esta causa, solo debe registrarse la donaci\u00f3n en\u00a0la p\u00e1gina de Mi Grano de Arena &#8220;<\/span><a href=\"https:\/\/www.migranodearena.org\/es\/reto\/15893\/reto-solidario-camino-de-santiago-julio-2017\/\" target=\"_blank\" rel=\"noopener noreferrer\"><span style=\"font-family: Arial,sans-serif; font-size: small;\"><span style=\"color: #003399;\">Reto solidario camino de Santiago julio 2017&#8243;.<\/span><\/span><\/a><\/span><\/div>\n<div><\/div>\n<p><span style=\"font-family: Times New Roman,serif; font-size: medium;\"><span style=\"color: black; font-family: Arial,sans-serif; font-size: small;\">Difundamos el reto para hacerlo llegar al mayor numero de personas posible.<\/span><\/span><\/p>\n<p><span style=\"font-family: Times New Roman,serif; font-size: medium;\"><span style=\"color: black; font-family: Arial,sans-serif; font-size: small;\">\u00a1Gracias y mucho \u00e1nimo Lidia!<\/span><\/span><\/p>\n<p>&nbsp;<\/p>\n","protected":false},"excerpt":{"rendered":"<p>Con salida desde Le\u00f3n el 16 de julio, Lidia N\u00fa\u00f1ez, como peregrina solidaria, se ha propuesto el reto de llegar caminando hasta Santiago de Compostela el 30\/31 de julio. Su intenci\u00f3n es aprovechar esta experiencia para aportar su grano de arena a dos asociaciones a las que donara lo recaudado y entre la que nos &hellip;<\/p>\n<p class=\"read-more\"> <a class=\"\" href=\"https:\/\/asfema.org\/blog\/index.php\/reto-solidario-camino-de-santiago-julio-2017\/\"> <span class=\"screen-reader-text\">Reto solidario Camino de Santiago julio 2017<\/span> Read More &raquo;<\/a><\/p>\n","protected":false},"author":11,"featured_media":3323,"comment_status":"open","ping_status":"open","sticky":false,"template":"","format":"standard","meta":{"site-sidebar-layout":"default","site-content-layout":"default","ast-global-header-display":"","ast-banner-title-visibility":"","ast-main-header-display":"","ast-hfb-above-header-display":"","ast-hfb-below-header-display":"","ast-hfb-mobile-header-display":"","site-post-title":"","ast-breadcrumbs-content":"","ast-featured-img":"","footer-sml-layout":"","theme-transparent-header-meta":"","adv-header-id-meta":"","stick-header-meta":"","header-above-stick-meta":"","header-main-stick-meta":"","header-below-stick-meta":"","footnotes":""},"categories":[328,5],"tags":[26,247],"acf":[],"_links":{"self":[{"href":"https:\/\/asfema.org\/blog\/index.php\/wp-json\/wp\/v2\/posts\/3322"}],"collection":[{"href":"https:\/\/asfema.org\/blog\/index.php\/wp-json\/wp\/v2\/posts"}],"about":[{"href":"https:\/\/asfema.org\/blog\/index.php\/wp-json\/wp\/v2\/types\/post"}],"author":[{"embeddable":true,"href":"https:\/\/asfema.org\/blog\/index.php\/wp-json\/wp\/v2\/users\/11"}],"replies":[{"embeddable":true,"href":"https:\/\/asfema.org\/blog\/index.php\/wp-json\/wp\/v2\/comments?post=3322"}],"version-history":[{"count":1,"href":"https:\/\/asfema.org\/blog\/index.php\/wp-json\/wp\/v2\/posts\/3322\/revisions"}],"predecessor-version":[{"id":3324,"href":"https:\/\/asfema.org\/blog\/index.php\/wp-json\/wp\/v2\/posts\/3322\/revisions\/3324"}],"wp:featuredmedia":[{"embeddable":true,"href":"https:\/\/asfema.org\/blog\/index.php\/wp-json\/wp\/v2\/media\/3323"}],"wp:attachment":[{"href":"https:\/\/asfema.org\/blog\/index.php\/wp-json\/wp\/v2\/media?parent=3322"}],"wp:term":[{"taxonomy":"category","embeddable":true,"href":"https:\/\/asfema.org\/blog\/index.php\/wp-json\/wp\/v2\/categories?post=3322"},{"taxonomy":"post_tag","embeddable":true,"href":"https:\/\/asfema.org\/blog\/index.php\/wp-json\/wp\/v2\/tags?post=3322"}],"curies":[{"name":"wp","href":"https:\/\/api.w.org\/{rel}","templated":true}]}}