{"id":3395,"date":"2017-10-22T09:10:59","date_gmt":"2017-10-22T09:10:59","guid":{"rendered":"https:\/\/asfema.org\/blog\/?p=3395"},"modified":"2017-10-22T09:10:59","modified_gmt":"2017-10-22T09:10:59","slug":"asistencia-a-escuela-de-formacion-creer","status":"publish","type":"post","link":"https:\/\/asfema.org\/blog\/index.php\/asistencia-a-escuela-de-formacion-creer\/","title":{"rendered":"Asistencia a Escuela de Formaci\u00f3n CREER"},"content":{"rendered":"<p>Ya pod\u00e9is leer el resumen de las jornadas a las que asisti\u00f3 nuestra trabajadora social.<\/p>\n<p>En el mes de Septiembre he asistido a la VIII Edici\u00f3n de la\u00a0Escuela de<br \/>\nFormaci\u00f3n\u00a0CREER, organizado por la\u00a0Federaci\u00f3n Espa\u00f1ola de\u00a0Enfermedades<br \/>\nRaras\u00a0(FEDER), miembro de\u00a0Somos Pacientes, y el\u00a0Centro de Referencia Estatal de<br \/>\nAtenci\u00f3n a Personas con Enfermedades Raras y sus Familias\u00a0(CREER) bajo el<br \/>\nt\u00edtulo\u00a0\u2018Formando l\u00edderes, inspirando acciones\u2018. FEDER\u2019 , cuyo objetivo<br \/>\nera\u00a0empoderar\u00a0al movimiento asociativo de enfermedades poco frecuentes.<br \/>\nHe participado durante los dos d\u00edas en uno de los programas de la escuela que se<br \/>\ncentraba en la captaci\u00f3n de fondos, para este programa hemos contado con<br \/>\nprofesionales en fundraising y representantes del sector empresarial como D. Manuel<br \/>\nG\u00f3mez y Mar\u00eda Cid. Tuve el placer de conocer y compartir unas horas con Mar\u00eda Cid<br \/>\n(Directora de la Fundaci\u00f3n Social Carrefour), agradecida por sus consejos y por<br \/>\nofrecernos su ayuda en todo momento.<\/p>\n<p>Han sido dos d\u00edas muy intensos e ineludibles, creando alianzas, compartiendo<br \/>\nexperiencias y form\u00e1ndonos con grandes profesionales, que nos han aportado sus<br \/>\nconocimientos, experiencias y consejos. Ha sido muy enriquecedor para m\u00ed, poder<br \/>\nasistir como trabajadora social de ASFEMA, en esta VIII Edici\u00f3n de la Escuela, estos d\u00edas<br \/>\nme han servido para conocer las diferentes asociaciones, conocer a otros profesionales<br \/>\nde mi campo aportando sus experiencias, crear sinergias uni\u00e9ndonos a todos un<br \/>\nmismo objetivo: crear y ampliar la AYUDA que prestamos a las personas que forman<br \/>\nnuestras asociaciones con enfermedades poco frecuentes.<\/p>\n","protected":false},"excerpt":{"rendered":"<p>Ya pod\u00e9is leer el resumen de las jornadas a las que asisti\u00f3 nuestra trabajadora social. En el mes de Septiembre he asistido a la VIII Edici\u00f3n de la\u00a0Escuela de Formaci\u00f3n\u00a0CREER, organizado por la\u00a0Federaci\u00f3n Espa\u00f1ola de\u00a0Enfermedades Raras\u00a0(FEDER), miembro de\u00a0Somos Pacientes, y el\u00a0Centro de Referencia Estatal de Atenci\u00f3n a Personas con Enfermedades Raras y sus Familias\u00a0(CREER) bajo &hellip;<\/p>\n<p class=\"read-more\"> <a class=\"\" href=\"https:\/\/asfema.org\/blog\/index.php\/asistencia-a-escuela-de-formacion-creer\/\"> <span class=\"screen-reader-text\">Asistencia a Escuela de Formaci\u00f3n CREER<\/span> Read More &raquo;<\/a><\/p>\n","protected":false},"author":2,"featured_media":3396,"comment_status":"open","ping_status":"open","sticky":false,"template":"","format":"standard","meta":{"site-sidebar-layout":"default","site-content-layout":"default","ast-global-header-display":"","ast-banner-title-visibility":"","ast-main-header-display":"","ast-hfb-above-header-display":"","ast-hfb-below-header-display":"","ast-hfb-mobile-header-display":"","site-post-title":"","ast-breadcrumbs-content":"","ast-featured-img":"","footer-sml-layout":"","theme-transparent-header-meta":"","adv-header-id-meta":"","stick-header-meta":"","header-above-stick-meta":"","header-main-stick-meta":"","header-below-stick-meta":"","footnotes":""},"categories":[136],"tags":[367,366,53,35,368],"acf":[],"_links":{"self":[{"href":"https:\/\/asfema.org\/blog\/index.php\/wp-json\/wp\/v2\/posts\/3395"}],"collection":[{"href":"https:\/\/asfema.org\/blog\/index.php\/wp-json\/wp\/v2\/posts"}],"about":[{"href":"https:\/\/asfema.org\/blog\/index.php\/wp-json\/wp\/v2\/types\/post"}],"author":[{"embeddable":true,"href":"https:\/\/asfema.org\/blog\/index.php\/wp-json\/wp\/v2\/users\/2"}],"replies":[{"embeddable":true,"href":"https:\/\/asfema.org\/blog\/index.php\/wp-json\/wp\/v2\/comments?post=3395"}],"version-history":[{"count":1,"href":"https:\/\/asfema.org\/blog\/index.php\/wp-json\/wp\/v2\/posts\/3395\/revisions"}],"predecessor-version":[{"id":3397,"href":"https:\/\/asfema.org\/blog\/index.php\/wp-json\/wp\/v2\/posts\/3395\/revisions\/3397"}],"wp:featuredmedia":[{"embeddable":true,"href":"https:\/\/asfema.org\/blog\/index.php\/wp-json\/wp\/v2\/media\/3396"}],"wp:attachment":[{"href":"https:\/\/asfema.org\/blog\/index.php\/wp-json\/wp\/v2\/media?parent=3395"}],"wp:term":[{"taxonomy":"category","embeddable":true,"href":"https:\/\/asfema.org\/blog\/index.php\/wp-json\/wp\/v2\/categories?post=3395"},{"taxonomy":"post_tag","embeddable":true,"href":"https:\/\/asfema.org\/blog\/index.php\/wp-json\/wp\/v2\/tags?post=3395"}],"curies":[{"name":"wp","href":"https:\/\/api.w.org\/{rel}","templated":true}]}}