{"id":3413,"date":"2017-11-07T08:32:51","date_gmt":"2017-11-07T08:32:51","guid":{"rendered":"https:\/\/asfema.org\/blog\/?p=3413"},"modified":"2017-11-07T08:42:36","modified_gmt":"2017-11-07T08:42:36","slug":"comida-solidaria-sabado-18-de-noviembre","status":"publish","type":"post","link":"https:\/\/asfema.org\/blog\/index.php\/comida-solidaria-sabado-18-de-noviembre\/","title":{"rendered":"Comida solidaria Sabado 18 de Noviembre"},"content":{"rendered":"<p><a href=\"https:\/\/asfema.org\/blog\/wp-content\/uploads\/2017\/11\/navas-1.jpg\"><img decoding=\"async\" loading=\"lazy\" class=\"alignright wp-image-3415\" src=\"https:\/\/asfema.org\/blog\/wp-content\/uploads\/2017\/11\/navas-1-850x478.jpg\" alt=\"\" width=\"254\" height=\"143\" \/><\/a>El pr\u00f3ximo s\u00e1bado 18 de noviembre, se celebrar\u00e1 una<strong> comida solidaria <\/strong>en Navas del Rey donde, al igual que el a\u00f1o pasado,\u00a0todo lo recaudado ir\u00e1 destinado \u00edntegramente a ASFEMA.<\/p>\n<p style=\"text-align: justify;\">Nuestro sincero agradecimiento al ayuntamiento de Navas del Rey y a todos sus vecinos por este gesto solidario, que nos permitir\u00e1 al igual que el a\u00f1o pasado, disfrutar de una divertida jornada.<\/p>\n<p style=\"text-align: justify;\">El evento tendr\u00e1 lugar en la Plaza de Espa\u00f1a, por un m\u00f3dico donativo de 5 euros, y esperamos superar la asistencia del a\u00f1o pasado, as\u00ed que \u00a1\u00a1\u00a1Os esperamos a todos!!!<\/p>\n<p><a href=\"http:\/\/www.navasdelrey.es\/\">http:\/\/www.navasdelrey.es\/<\/a><\/p>\n<p>&nbsp;<\/p>\n<p>&nbsp;<\/p>\n","protected":false},"excerpt":{"rendered":"<p>El pr\u00f3ximo s\u00e1bado 18 de noviembre, se celebrar\u00e1 una comida solidaria en Navas del Rey donde, al igual que el a\u00f1o pasado,\u00a0todo lo recaudado ir\u00e1 destinado \u00edntegramente a ASFEMA. Nuestro sincero agradecimiento al ayuntamiento de Navas del Rey y a todos sus vecinos por este gesto solidario, que nos permitir\u00e1 al igual que el a\u00f1o &hellip;<\/p>\n<p class=\"read-more\"> <a class=\"\" href=\"https:\/\/asfema.org\/blog\/index.php\/comida-solidaria-sabado-18-de-noviembre\/\"> <span class=\"screen-reader-text\">Comida solidaria Sabado 18 de Noviembre<\/span> Read More &raquo;<\/a><\/p>\n","protected":false},"author":11,"featured_media":3417,"comment_status":"open","ping_status":"open","sticky":false,"template":"","format":"standard","meta":{"site-sidebar-layout":"default","site-content-layout":"default","ast-global-header-display":"","ast-banner-title-visibility":"","ast-main-header-display":"","ast-hfb-above-header-display":"","ast-hfb-below-header-display":"","ast-hfb-mobile-header-display":"","site-post-title":"","ast-breadcrumbs-content":"","ast-featured-img":"","footer-sml-layout":"","theme-transparent-header-meta":"","adv-header-id-meta":"","stick-header-meta":"","header-above-stick-meta":"","header-main-stick-meta":"","header-below-stick-meta":"","footnotes":""},"categories":[31,5],"tags":[59,33,247],"acf":[],"_links":{"self":[{"href":"https:\/\/asfema.org\/blog\/index.php\/wp-json\/wp\/v2\/posts\/3413"}],"collection":[{"href":"https:\/\/asfema.org\/blog\/index.php\/wp-json\/wp\/v2\/posts"}],"about":[{"href":"https:\/\/asfema.org\/blog\/index.php\/wp-json\/wp\/v2\/types\/post"}],"author":[{"embeddable":true,"href":"https:\/\/asfema.org\/blog\/index.php\/wp-json\/wp\/v2\/users\/11"}],"replies":[{"embeddable":true,"href":"https:\/\/asfema.org\/blog\/index.php\/wp-json\/wp\/v2\/comments?post=3413"}],"version-history":[{"count":1,"href":"https:\/\/asfema.org\/blog\/index.php\/wp-json\/wp\/v2\/posts\/3413\/revisions"}],"predecessor-version":[{"id":3416,"href":"https:\/\/asfema.org\/blog\/index.php\/wp-json\/wp\/v2\/posts\/3413\/revisions\/3416"}],"wp:featuredmedia":[{"embeddable":true,"href":"https:\/\/asfema.org\/blog\/index.php\/wp-json\/wp\/v2\/media\/3417"}],"wp:attachment":[{"href":"https:\/\/asfema.org\/blog\/index.php\/wp-json\/wp\/v2\/media?parent=3413"}],"wp:term":[{"taxonomy":"category","embeddable":true,"href":"https:\/\/asfema.org\/blog\/index.php\/wp-json\/wp\/v2\/categories?post=3413"},{"taxonomy":"post_tag","embeddable":true,"href":"https:\/\/asfema.org\/blog\/index.php\/wp-json\/wp\/v2\/tags?post=3413"}],"curies":[{"name":"wp","href":"https:\/\/api.w.org\/{rel}","templated":true}]}}