{"id":3468,"date":"2017-11-20T09:57:11","date_gmt":"2017-11-20T09:57:11","guid":{"rendered":"https:\/\/asfema.org\/blog\/?p=3468"},"modified":"2018-02-15T11:29:54","modified_gmt":"2018-02-15T11:29:54","slug":"resumen-primer-taller-psicoeducativo","status":"publish","type":"post","link":"https:\/\/asfema.org\/blog\/index.php\/resumen-primer-taller-psicoeducativo\/","title":{"rendered":"Resumen primer taller psicoeducativo"},"content":{"rendered":"<p>El pasado s\u00e1bado 18 de noviembre se realiz\u00f3 en ASFEMA \u00a0el primer taller psicoeducativo de la serie de tres talleres previstos para estos pr\u00f3ximos meses. El taller fue coordinado por Patricia Salas (Psic\u00f3loga que colabora habitualmente con nuestra asociaci\u00f3n) y con el apoyo de nuestra trabajadora social Priscila Gracia.<\/p>\n<p>Estuvo destinado a enfocar las acciones con respecto al diagn\u00f3stico de una enfermedad metab\u00f3lica poco frecuente en nuestros hijos y como procesar los sentimientos de los mismos ante las situaciones que se puedan derivar.<\/p>\n<p>Os esperamos para las proximas sesiones.<\/p>\n<p>A continuaci\u00f3n os dejamos algunas fotos del taller:<\/p>\n<p><a href=\"https:\/\/asfema.org\/blog\/wp-content\/uploads\/2017\/11\/xIMG-20171118-WA0000.jpg\"><img decoding=\"async\" loading=\"lazy\" class=\"alignnone size-medium wp-image-3469\" src=\"https:\/\/asfema.org\/blog\/wp-content\/uploads\/2017\/11\/xIMG-20171118-WA0000-850x478.jpg\" alt=\"\" width=\"850\" height=\"478\" srcset=\"https:\/\/asfema.org\/blog\/wp-content\/uploads\/2017\/11\/xIMG-20171118-WA0000-850x478.jpg 850w, https:\/\/asfema.org\/blog\/wp-content\/uploads\/2017\/11\/xIMG-20171118-WA0000-1200x675.jpg 1200w, https:\/\/asfema.org\/blog\/wp-content\/uploads\/2017\/11\/xIMG-20171118-WA0000-250x141.jpg 250w, https:\/\/asfema.org\/blog\/wp-content\/uploads\/2017\/11\/xIMG-20171118-WA0000-800x450.jpg 800w\" sizes=\"(max-width: 850px) 100vw, 850px\" \/><\/a> <a href=\"https:\/\/asfema.org\/blog\/wp-content\/uploads\/2017\/11\/xIMG-20171118-WA0001.jpg\"><img decoding=\"async\" loading=\"lazy\" class=\"alignnone size-medium wp-image-3470\" src=\"https:\/\/asfema.org\/blog\/wp-content\/uploads\/2017\/11\/xIMG-20171118-WA0001-850x478.jpg\" alt=\"\" width=\"850\" height=\"478\" srcset=\"https:\/\/asfema.org\/blog\/wp-content\/uploads\/2017\/11\/xIMG-20171118-WA0001-850x478.jpg 850w, https:\/\/asfema.org\/blog\/wp-content\/uploads\/2017\/11\/xIMG-20171118-WA0001-1200x675.jpg 1200w, https:\/\/asfema.org\/blog\/wp-content\/uploads\/2017\/11\/xIMG-20171118-WA0001-250x141.jpg 250w, https:\/\/asfema.org\/blog\/wp-content\/uploads\/2017\/11\/xIMG-20171118-WA0001-800x450.jpg 800w\" sizes=\"(max-width: 850px) 100vw, 850px\" \/><\/a> <a href=\"https:\/\/asfema.org\/blog\/wp-content\/uploads\/2017\/11\/xIMG-20171118-WA0002.jpg\"><img decoding=\"async\" loading=\"lazy\" class=\"alignnone size-medium wp-image-3471\" src=\"https:\/\/asfema.org\/blog\/wp-content\/uploads\/2017\/11\/xIMG-20171118-WA0002-850x478.jpg\" alt=\"\" width=\"850\" height=\"478\" srcset=\"https:\/\/asfema.org\/blog\/wp-content\/uploads\/2017\/11\/xIMG-20171118-WA0002-850x478.jpg 850w, https:\/\/asfema.org\/blog\/wp-content\/uploads\/2017\/11\/xIMG-20171118-WA0002-1200x675.jpg 1200w, https:\/\/asfema.org\/blog\/wp-content\/uploads\/2017\/11\/xIMG-20171118-WA0002-250x141.jpg 250w, https:\/\/asfema.org\/blog\/wp-content\/uploads\/2017\/11\/xIMG-20171118-WA0002-800x450.jpg 800w\" sizes=\"(max-width: 850px) 100vw, 850px\" \/><\/a> <a href=\"https:\/\/asfema.org\/blog\/wp-content\/uploads\/2017\/11\/xIMG-20171118-WA0003.jpg\"><img decoding=\"async\" loading=\"lazy\" class=\"alignnone size-medium wp-image-3472\" src=\"https:\/\/asfema.org\/blog\/wp-content\/uploads\/2017\/11\/xIMG-20171118-WA0003-850x478.jpg\" alt=\"\" width=\"850\" height=\"478\" srcset=\"https:\/\/asfema.org\/blog\/wp-content\/uploads\/2017\/11\/xIMG-20171118-WA0003-850x478.jpg 850w, https:\/\/asfema.org\/blog\/wp-content\/uploads\/2017\/11\/xIMG-20171118-WA0003-1200x675.jpg 1200w, https:\/\/asfema.org\/blog\/wp-content\/uploads\/2017\/11\/xIMG-20171118-WA0003-250x141.jpg 250w, https:\/\/asfema.org\/blog\/wp-content\/uploads\/2017\/11\/xIMG-20171118-WA0003-800x450.jpg 800w\" sizes=\"(max-width: 850px) 100vw, 850px\" \/><\/a> <a href=\"https:\/\/asfema.org\/blog\/wp-content\/uploads\/2017\/11\/xIMG-20171118-WA0004.jpg\"><img decoding=\"async\" loading=\"lazy\" class=\"alignnone size-medium wp-image-3473\" src=\"https:\/\/asfema.org\/blog\/wp-content\/uploads\/2017\/11\/xIMG-20171118-WA0004-850x478.jpg\" alt=\"\" width=\"850\" height=\"478\" srcset=\"https:\/\/asfema.org\/blog\/wp-content\/uploads\/2017\/11\/xIMG-20171118-WA0004-850x478.jpg 850w, https:\/\/asfema.org\/blog\/wp-content\/uploads\/2017\/11\/xIMG-20171118-WA0004-1200x675.jpg 1200w, https:\/\/asfema.org\/blog\/wp-content\/uploads\/2017\/11\/xIMG-20171118-WA0004-250x141.jpg 250w, https:\/\/asfema.org\/blog\/wp-content\/uploads\/2017\/11\/xIMG-20171118-WA0004-800x450.jpg 800w\" sizes=\"(max-width: 850px) 100vw, 850px\" \/><\/a><\/p>\n","protected":false},"excerpt":{"rendered":"<p>El pasado s\u00e1bado 18 de noviembre se realiz\u00f3 en ASFEMA \u00a0el primer taller psicoeducativo de la serie de tres talleres previstos para estos pr\u00f3ximos meses. El taller fue coordinado por Patricia Salas (Psic\u00f3loga que colabora habitualmente con nuestra asociaci\u00f3n) y con el apoyo de nuestra trabajadora social Priscila Gracia. Estuvo destinado a enfocar las acciones &hellip;<\/p>\n<p class=\"read-more\"> <a class=\"\" href=\"https:\/\/asfema.org\/blog\/index.php\/resumen-primer-taller-psicoeducativo\/\"> <span class=\"screen-reader-text\">Resumen primer taller psicoeducativo<\/span> Read More &raquo;<\/a><\/p>\n","protected":false},"author":11,"featured_media":3473,"comment_status":"open","ping_status":"open","sticky":false,"template":"","format":"standard","meta":{"site-sidebar-layout":"default","site-content-layout":"default","ast-global-header-display":"","ast-banner-title-visibility":"","ast-main-header-display":"","ast-hfb-above-header-display":"","ast-hfb-below-header-display":"","ast-hfb-mobile-header-display":"","site-post-title":"","ast-breadcrumbs-content":"","ast-featured-img":"","footer-sml-layout":"","theme-transparent-header-meta":"","adv-header-id-meta":"","stick-header-meta":"","header-above-stick-meta":"","header-main-stick-meta":"","header-below-stick-meta":"","footnotes":""},"categories":[31,22,332,8],"tags":[32,379,36,159],"acf":[],"_links":{"self":[{"href":"https:\/\/asfema.org\/blog\/index.php\/wp-json\/wp\/v2\/posts\/3468"}],"collection":[{"href":"https:\/\/asfema.org\/blog\/index.php\/wp-json\/wp\/v2\/posts"}],"about":[{"href":"https:\/\/asfema.org\/blog\/index.php\/wp-json\/wp\/v2\/types\/post"}],"author":[{"embeddable":true,"href":"https:\/\/asfema.org\/blog\/index.php\/wp-json\/wp\/v2\/users\/11"}],"replies":[{"embeddable":true,"href":"https:\/\/asfema.org\/blog\/index.php\/wp-json\/wp\/v2\/comments?post=3468"}],"version-history":[{"count":1,"href":"https:\/\/asfema.org\/blog\/index.php\/wp-json\/wp\/v2\/posts\/3468\/revisions"}],"predecessor-version":[{"id":3474,"href":"https:\/\/asfema.org\/blog\/index.php\/wp-json\/wp\/v2\/posts\/3468\/revisions\/3474"}],"wp:featuredmedia":[{"embeddable":true,"href":"https:\/\/asfema.org\/blog\/index.php\/wp-json\/wp\/v2\/media\/3473"}],"wp:attachment":[{"href":"https:\/\/asfema.org\/blog\/index.php\/wp-json\/wp\/v2\/media?parent=3468"}],"wp:term":[{"taxonomy":"category","embeddable":true,"href":"https:\/\/asfema.org\/blog\/index.php\/wp-json\/wp\/v2\/categories?post=3468"},{"taxonomy":"post_tag","embeddable":true,"href":"https:\/\/asfema.org\/blog\/index.php\/wp-json\/wp\/v2\/tags?post=3468"}],"curies":[{"name":"wp","href":"https:\/\/api.w.org\/{rel}","templated":true}]}}