{"id":3567,"date":"2018-01-23T07:18:02","date_gmt":"2018-01-23T07:18:02","guid":{"rendered":"https:\/\/asfema.org\/blog\/?p=3567"},"modified":"2025-01-14T09:48:54","modified_gmt":"2025-01-14T09:48:54","slug":"calendario-apertura-asfema-2019","status":"publish","type":"post","link":"https:\/\/asfema.org\/blog\/index.php\/calendario-apertura-asfema-2019\/","title":{"rendered":"Calendario apertura ASFEMA 2025"},"content":{"rendered":"<p>Durante el a\u00f1o <strong>2025<\/strong>, nos reuniremos los siguientes sabados de cada mes:<\/p>\n\n<table id=\"tablepress-4\" class=\"tablepress tablepress-id-4\">\n<thead>\n<tr class=\"row-1 odd\">\n\t<th class=\"column-1\">MES<\/th><th class=\"column-2\">DIA<\/th><th class=\"column-3\">HORA<\/th><th class=\"column-4\">NOTAS<\/th>\n<\/tr>\n<\/thead>\n<tbody>\n<tr class=\"row-2 even\">\n\t<td class=\"column-1\">ENERO<\/td><td class=\"column-2\">10<\/td><td class=\"column-3\">11:00 a 13:00<\/td><td class=\"column-4\"><\/td>\n<\/tr>\n<tr class=\"row-3 odd\">\n\t<td class=\"column-1\">FEBRERO<\/td><td class=\"column-2\">7<\/td><td class=\"column-3\">11:00 a 13:00<\/td><td class=\"column-4\"><\/td>\n<\/tr>\n<tr class=\"row-4 even\">\n\t<td class=\"column-1\">MARZO<\/td><td class=\"column-2\">14<\/td><td class=\"column-3\">11:00 a 13:00<\/td><td class=\"column-4\"><\/td>\n<\/tr>\n<tr class=\"row-5 odd\">\n\t<td class=\"column-1\">ABRIL<\/td><td class=\"column-2\">11<\/td><td class=\"column-3\">11:00 a 13:00<\/td><td class=\"column-4\"><\/td>\n<\/tr>\n<tr class=\"row-6 even\">\n\t<td class=\"column-1\">MAYO<\/td><td class=\"column-2\">9<\/td><td class=\"column-3\">11:00 a 13:00<\/td><td class=\"column-4\"><\/td>\n<\/tr>\n<tr class=\"row-7 odd\">\n\t<td class=\"column-1\">JUNIO<\/td><td class=\"column-2\">6<\/td><td class=\"column-3\">11:00 a 13:00<\/td><td class=\"column-4\"><\/td>\n<\/tr>\n<tr class=\"row-8 even\">\n\t<td class=\"column-1\">JULIO<\/td><td class=\"column-2\">4<\/td><td class=\"column-3\">11:00 a 13:00<\/td><td class=\"column-4\"><\/td>\n<\/tr>\n<tr class=\"row-9 odd\">\n\t<td class=\"column-1\">AGOSTO<\/td><td class=\"column-2\">1<\/td><td class=\"column-3\">11:00 a 13:00<\/td><td class=\"column-4\"><\/td>\n<\/tr>\n<tr class=\"row-10 even\">\n\t<td class=\"column-1\">SEPTIEMBRE<\/td><td class=\"column-2\">5<\/td><td class=\"column-3\">11:00 a 13:00<\/td><td class=\"column-4\"><\/td>\n<\/tr>\n<tr class=\"row-11 odd\">\n\t<td class=\"column-1\">OCTUBRE<\/td><td class=\"column-2\">3<\/td><td class=\"column-3\">11:00 a 13:00<\/td><td class=\"column-4\"><\/td>\n<\/tr>\n<tr class=\"row-12 even\">\n\t<td class=\"column-1\">NOVIEMBRE<\/td><td class=\"column-2\">7<\/td><td class=\"column-3\">11:00 a 13:00<\/td><td class=\"column-4\"><\/td>\n<\/tr>\n<tr class=\"row-13 odd\">\n\t<td class=\"column-1\">DICIEMBRE<\/td><td class=\"column-2\">5<\/td><td class=\"column-3\">11:00 a 13:00<\/td><td class=\"column-4\"><\/td>\n<\/tr>\n<\/tbody>\n<\/table>\n<!-- #tablepress-4 from cache -->\n<p><span style=\"color: #999999;\"><em>(*Fechas sujetas a posibles cambios, los cuales ser\u00e1n notificados con antelaci\u00f3n)<\/em><\/span><\/p>\n<p>Adem\u00e1s, se abrir\u00e1 tambi\u00e9n el banco de alimentos los <strong>Mi\u00e9rcoles y Jueves (16:00h &#8211; 20:00h).<\/strong><\/p>\n<p>Adicionalmente los pedidos deber\u00e1n ser <strong>tramitados a traves\u00a0del tel\u00e9fono de pedidos de ASFEMA<\/strong><\/p>\n<p><span style=\"color: #0000ff;\"><strong>HORARIO DE VERANO:<\/strong><\/span> El local permanecera con su apertura habitual de Miercoles y Jueves en el horario indicado anteriormente, con la excepcion del periodo vacacional del personal contratado, el cual se indicar\u00e1 una vez sea definido.<\/p>\n<p>Se ruega a los socios que si quieren ir entre semana, confirmen previamente la disponibilidad, puesto que durante ese horario se desempe\u00f1an tambi\u00e9n funciones administrativas y sociales, y puede encontrarse ausente del local en alg\u00fan momento de su horario.<\/p>\n<p>Cualquier cambio fuera de ese horario se notificara v\u00eda web o por e-mail.<\/p>\n","protected":false},"excerpt":{"rendered":"<p>Durante el a\u00f1o 2025, nos reuniremos los siguientes sabados de cada mes: (*Fechas sujetas a posibles cambios, los cuales ser\u00e1n notificados con antelaci\u00f3n) Adem\u00e1s, se abrir\u00e1 tambi\u00e9n el banco de alimentos los Mi\u00e9rcoles y Jueves (16:00h &#8211; 20:00h). Adicionalmente los pedidos deber\u00e1n ser tramitados a traves\u00a0del tel\u00e9fono de pedidos de ASFEMA HORARIO DE VERANO: El &hellip;<\/p>\n<p class=\"read-more\"> <a class=\"\" href=\"https:\/\/asfema.org\/blog\/index.php\/calendario-apertura-asfema-2019\/\"> <span class=\"screen-reader-text\">Calendario apertura ASFEMA 2025<\/span> Read More &raquo;<\/a><\/p>\n","protected":false},"author":11,"featured_media":3423,"comment_status":"open","ping_status":"open","sticky":false,"template":"","format":"standard","meta":{"site-sidebar-layout":"default","site-content-layout":"default","ast-global-header-display":"","ast-banner-title-visibility":"","ast-main-header-display":"","ast-hfb-above-header-display":"","ast-hfb-below-header-display":"","ast-hfb-mobile-header-display":"","site-post-title":"","ast-breadcrumbs-content":"","ast-featured-img":"","footer-sml-layout":"","theme-transparent-header-meta":"default","adv-header-id-meta":"","stick-header-meta":"","header-above-stick-meta":"","header-main-stick-meta":"","header-below-stick-meta":"","footnotes":""},"categories":[332,5],"tags":[59,244,26],"acf":[],"_links":{"self":[{"href":"https:\/\/asfema.org\/blog\/index.php\/wp-json\/wp\/v2\/posts\/3567"}],"collection":[{"href":"https:\/\/asfema.org\/blog\/index.php\/wp-json\/wp\/v2\/posts"}],"about":[{"href":"https:\/\/asfema.org\/blog\/index.php\/wp-json\/wp\/v2\/types\/post"}],"author":[{"embeddable":true,"href":"https:\/\/asfema.org\/blog\/index.php\/wp-json\/wp\/v2\/users\/11"}],"replies":[{"embeddable":true,"href":"https:\/\/asfema.org\/blog\/index.php\/wp-json\/wp\/v2\/comments?post=3567"}],"version-history":[{"count":14,"href":"https:\/\/asfema.org\/blog\/index.php\/wp-json\/wp\/v2\/posts\/3567\/revisions"}],"predecessor-version":[{"id":6155,"href":"https:\/\/asfema.org\/blog\/index.php\/wp-json\/wp\/v2\/posts\/3567\/revisions\/6155"}],"wp:featuredmedia":[{"embeddable":true,"href":"https:\/\/asfema.org\/blog\/index.php\/wp-json\/wp\/v2\/media\/3423"}],"wp:attachment":[{"href":"https:\/\/asfema.org\/blog\/index.php\/wp-json\/wp\/v2\/media?parent=3567"}],"wp:term":[{"taxonomy":"category","embeddable":true,"href":"https:\/\/asfema.org\/blog\/index.php\/wp-json\/wp\/v2\/categories?post=3567"},{"taxonomy":"post_tag","embeddable":true,"href":"https:\/\/asfema.org\/blog\/index.php\/wp-json\/wp\/v2\/tags?post=3567"}],"curies":[{"name":"wp","href":"https:\/\/api.w.org\/{rel}","templated":true}]}}