{"id":3605,"date":"2018-01-25T10:09:43","date_gmt":"2018-01-25T10:09:43","guid":{"rendered":"https:\/\/asfema.org\/blog\/?p=3605"},"modified":"2018-01-25T10:13:07","modified_gmt":"2018-01-25T10:13:07","slug":"abierto-plazo-de-inscripcion-para-la-vi-ciclomarcha-por-las-enfermedades-raras-metabolicas","status":"publish","type":"post","link":"https:\/\/asfema.org\/blog\/index.php\/abierto-plazo-de-inscripcion-para-la-vi-ciclomarcha-por-las-enfermedades-raras-metabolicas\/","title":{"rendered":"ABIERTO plazo de inscripci\u00f3n para la VI Ciclomarcha por las enfermedades raras metab\u00f3licas"},"content":{"rendered":"<p><a href=\"https:\/\/asfema.org\/blog\/wp-content\/uploads\/2018\/01\/26815417_1619006258182596_7381322392840966383_n.jpg\"><img decoding=\"async\" loading=\"lazy\" class=\"wp-image-3557 alignleft\" src=\"https:\/\/asfema.org\/blog\/wp-content\/uploads\/2018\/01\/26815417_1619006258182596_7381322392840966383_n.jpg\" alt=\"\" width=\"242\" height=\"310\" \/><\/a>Un a\u00f1o m\u00e1s, <strong>ASFEMA<\/strong>, Asociaci\u00f3n de Fenilceton\u00faricos y OTM de Madrid organiza la<strong> VI Ciclomarcha MTB por las Enfermedades Raras Metab\u00f3licas<\/strong>, que tendr\u00e1 lugar el:<\/p>\n<h2 style=\"text-align: center;\"><span style=\"color: #0000ff;\">Domingo 22 Abril de 2018 en El Tiemblo (\u00c1vila) a las 10:30 AM<\/span><\/h2>\n<p>Toda informaci\u00f3n acerca de organizaci\u00f3n, recorrido, actividades, precios, inscripci\u00f3n, podeis encontrarlo en la p\u00e1gina dedicada al evento, en nuestra misma web, arriba en el menu &#8220;VI Ciclomarcha MTB por las Enfermedades Raras Metab\u00f3licas&#8221;, o pinchando directamente <strong><a href=\"https:\/\/asfema.org\/blog\/index.php\/vi-ciclomarcha-mtb-por-las-enfermedades-raras-metabolicas\/\">AQUI<\/a>.<\/strong><\/p>\n<p>Os recordamos que se trata del mayor evento que organizamos desde <strong>ASFEMA<\/strong>, y nos proporciona una <strong>buena parte de los recursos necesarios para seguir con nuestra actividad<\/strong>, por lo que necesitamos darle la mayor difusion posible, y que compartais el evento en vuestras redes sociales, lo envieis a vuestros contactos, amigos, familiares, etc&#8230;.<\/p>\n<p>Ya se pueden recoger los carteles en la asociaci\u00f3n, para que sean distribuidos en tiendas de bicis cercanas a vuestras casas, clubs de MTB y BTT, y cualquier sitio que se os ocurra.<\/p>\n<p>!Os esperamos a todos!<\/p>\n","protected":false},"excerpt":{"rendered":"<p>Un a\u00f1o m\u00e1s, ASFEMA, Asociaci\u00f3n de Fenilceton\u00faricos y OTM de Madrid organiza la VI Ciclomarcha MTB por las Enfermedades Raras Metab\u00f3licas, que tendr\u00e1 lugar el: Domingo 22 Abril de 2018 en El Tiemblo (\u00c1vila) a las 10:30 AM Toda informaci\u00f3n acerca de organizaci\u00f3n, recorrido, actividades, precios, inscripci\u00f3n, podeis encontrarlo en la p\u00e1gina dedicada al evento, &hellip;<\/p>\n<p class=\"read-more\"> <a class=\"\" href=\"https:\/\/asfema.org\/blog\/index.php\/abierto-plazo-de-inscripcion-para-la-vi-ciclomarcha-por-las-enfermedades-raras-metabolicas\/\"> <span class=\"screen-reader-text\">ABIERTO plazo de inscripci\u00f3n para la VI Ciclomarcha por las enfermedades raras metab\u00f3licas<\/span> Read More &raquo;<\/a><\/p>\n","protected":false},"author":11,"featured_media":3557,"comment_status":"open","ping_status":"open","sticky":false,"template":"","format":"standard","meta":{"site-sidebar-layout":"default","site-content-layout":"default","ast-global-header-display":"","ast-banner-title-visibility":"","ast-main-header-display":"","ast-hfb-above-header-display":"","ast-hfb-below-header-display":"","ast-hfb-mobile-header-display":"","site-post-title":"","ast-breadcrumbs-content":"","ast-featured-img":"","footer-sml-layout":"","theme-transparent-header-meta":"","adv-header-id-meta":"","stick-header-meta":"","header-above-stick-meta":"","header-main-stick-meta":"","header-below-stick-meta":"","footnotes":""},"categories":[31,332,5,380],"tags":[59,34,229,133,142,33,26,227,55],"acf":[],"_links":{"self":[{"href":"https:\/\/asfema.org\/blog\/index.php\/wp-json\/wp\/v2\/posts\/3605"}],"collection":[{"href":"https:\/\/asfema.org\/blog\/index.php\/wp-json\/wp\/v2\/posts"}],"about":[{"href":"https:\/\/asfema.org\/blog\/index.php\/wp-json\/wp\/v2\/types\/post"}],"author":[{"embeddable":true,"href":"https:\/\/asfema.org\/blog\/index.php\/wp-json\/wp\/v2\/users\/11"}],"replies":[{"embeddable":true,"href":"https:\/\/asfema.org\/blog\/index.php\/wp-json\/wp\/v2\/comments?post=3605"}],"version-history":[{"count":3,"href":"https:\/\/asfema.org\/blog\/index.php\/wp-json\/wp\/v2\/posts\/3605\/revisions"}],"predecessor-version":[{"id":3608,"href":"https:\/\/asfema.org\/blog\/index.php\/wp-json\/wp\/v2\/posts\/3605\/revisions\/3608"}],"wp:featuredmedia":[{"embeddable":true,"href":"https:\/\/asfema.org\/blog\/index.php\/wp-json\/wp\/v2\/media\/3557"}],"wp:attachment":[{"href":"https:\/\/asfema.org\/blog\/index.php\/wp-json\/wp\/v2\/media?parent=3605"}],"wp:term":[{"taxonomy":"category","embeddable":true,"href":"https:\/\/asfema.org\/blog\/index.php\/wp-json\/wp\/v2\/categories?post=3605"},{"taxonomy":"post_tag","embeddable":true,"href":"https:\/\/asfema.org\/blog\/index.php\/wp-json\/wp\/v2\/tags?post=3605"}],"curies":[{"name":"wp","href":"https:\/\/api.w.org\/{rel}","templated":true}]}}